{"id":187060,"date":"2025-12-05T15:14:34","date_gmt":"2025-12-05T21:14:34","guid":{"rendered":"https:\/\/canal7slp.tv\/2026\/?p=187060"},"modified":"2025-12-05T15:14:34","modified_gmt":"2025-12-05T21:14:34","slug":"kilometros-de-igualdad-se-llevara-a-cabo-el-domingo-7-de-diciembre-en-mexquitic","status":"publish","type":"post","link":"https:\/\/canal7slp.tv\/2026\/kilometros-de-igualdad-se-llevara-a-cabo-el-domingo-7-de-diciembre-en-mexquitic\/","title":{"rendered":"\u00abKil\u00f3metros de Igualdad\u00bb se llevar\u00e1 a cabo el domingo 7 de diciembre en Mexquitic"},"content":{"rendered":"<p style=\"text-align: justify;\">SLP.- Se llevar\u00e1 a cabo la segunda edici\u00f3n de la carrera atl\u00e9tica &#8216;Kil\u00f3metros de Igualdad&#8217; el domingo 7 de diciembre a las 7:00 de la ma\u00f1ana, evento que organiza el Sistema DIF del municipio de Mexquitic de Carmona.<\/p>\n<p style=\"text-align: justify;\">La lid tendr\u00e1 la salida y meta en la plaza principal de aquella localidad y contar\u00e1 con dos distancias a recorrer 5 y 10 kil\u00f3metros y la caminata de convivencia<\/p>\n<p style=\"text-align: justify;\">Cabe destacar que lo recaudado ser\u00e1 destinado en beneficio de la Unidad B\u00e1sica de Rehabilitaci\u00f3n y del Centro de Atenci\u00f3n M\u00faltiple del municipio.<\/p>\n<p style=\"text-align: justify;\">Ambas instituciones ofrecen atenci\u00f3n especializada, rehabilitaci\u00f3n, apoyo psicol\u00f3gico, terapias de lenguaje, aprendizaje y educaci\u00f3n para personas con discapacidad.<\/p>\n","protected":false},"excerpt":{"rendered":"<p>SLP.- Se llevar\u00e1 a cabo la segunda edici\u00f3n de la carrera atl\u00e9tica &#8216;Kil\u00f3metros de Igualdad&#8217; el domingo 7 de diciembre a las 7:00 de la ma\u00f1ana, evento que organiza el Sistema DIF del municipio de Mexquitic de Carmona. La lid tendr\u00e1 la salida y meta en la plaza principal de aquella localidad y contar\u00e1 con dos distancias a recorrer 5 y 10 kil\u00f3metros y la caminata de convivencia Cabe destacar que lo recaudado ser\u00e1 destinado en beneficio de la Unidad B\u00e1sica de Rehabilitaci\u00f3n y del Centro de Atenci\u00f3n M\u00faltiple del municipio. Ambas instituciones ofrecen atenci\u00f3n especializada, rehabilitaci\u00f3n, apoyo psicol\u00f3gico, terapias [&hellip;]<\/p>\n","protected":false},"author":2,"featured_media":187062,"comment_status":"closed","ping_status":"closed","sticky":false,"template":"","format":"video","meta":{"_monsterinsights_skip_tracking":false,"_monsterinsights_sitenote_active":false,"_monsterinsights_sitenote_note":"","_monsterinsights_sitenote_category":0,"footnotes":""},"categories":[7,5],"tags":[],"class_list":["post-187060","post","type-post","status-publish","format-video","has-post-thumbnail","hentry","category-deportes","category-destacadas","post_format-post-format-video","post--single"],"_links":{"self":[{"href":"https:\/\/canal7slp.tv\/2026\/wp-json\/wp\/v2\/posts\/187060","targetHints":{"allow":["GET"]}}],"collection":[{"href":"https:\/\/canal7slp.tv\/2026\/wp-json\/wp\/v2\/posts"}],"about":[{"href":"https:\/\/canal7slp.tv\/2026\/wp-json\/wp\/v2\/types\/post"}],"author":[{"embeddable":true,"href":"https:\/\/canal7slp.tv\/2026\/wp-json\/wp\/v2\/users\/2"}],"replies":[{"embeddable":true,"href":"https:\/\/canal7slp.tv\/2026\/wp-json\/wp\/v2\/comments?post=187060"}],"version-history":[{"count":1,"href":"https:\/\/canal7slp.tv\/2026\/wp-json\/wp\/v2\/posts\/187060\/revisions"}],"predecessor-version":[{"id":187063,"href":"https:\/\/canal7slp.tv\/2026\/wp-json\/wp\/v2\/posts\/187060\/revisions\/187063"}],"wp:featuredmedia":[{"embeddable":true,"href":"https:\/\/canal7slp.tv\/2026\/wp-json\/wp\/v2\/media\/187062"}],"wp:attachment":[{"href":"https:\/\/canal7slp.tv\/2026\/wp-json\/wp\/v2\/media?parent=187060"}],"wp:term":[{"taxonomy":"category","embeddable":true,"href":"https:\/\/canal7slp.tv\/2026\/wp-json\/wp\/v2\/categories?post=187060"},{"taxonomy":"post_tag","embeddable":true,"href":"https:\/\/canal7slp.tv\/2026\/wp-json\/wp\/v2\/tags?post=187060"}],"curies":[{"name":"wp","href":"https:\/\/api.w.org\/{rel}","templated":true}]}}