{"id":187044,"date":"2025-12-05T13:56:36","date_gmt":"2025-12-05T19:56:36","guid":{"rendered":"https:\/\/canal7slp.tv\/2026\/?p=187044"},"modified":"2025-12-05T13:57:12","modified_gmt":"2025-12-05T19:57:12","slug":"productores-del-campo-anuncian-receso-estrategico-tras-aprobacion-de-ley-de-aguas","status":"publish","type":"post","link":"https:\/\/canal7slp.tv\/2026\/productores-del-campo-anuncian-receso-estrategico-tras-aprobacion-de-ley-de-aguas\/","title":{"rendered":"Productores del campo anuncian \u00abreceso estrat\u00e9gico\u00bb tras aprobaci\u00f3n de Ley de Aguas"},"content":{"rendered":"<p style=\"text-align: justify;\">M\u00e9xico.- Grupos de productores del campo anunciaron un \u00abreceso estrat\u00e9gico\u00bb en sus movilizaciones, luego de que la reforma a la Ley de Aguas Nacionales y la nueva Ley General de Aguas fueran aprobadas en el Congreso y turnadas al Poder Ejecutivo para su promulgaci\u00f3n.<\/p>\n<p style=\"text-align: justify;\">Integrantes del Movimiento Agr\u00edcola Campesino y del Frente Nacional para el Rescate del Campo Mexicano se\u00f1alaron, a trav\u00e9s de un comunicado, que su lucha ha sido escuchada. Afirmaron que har\u00edan una pausa para \u00abvolver a sus ra\u00edces y recargar fuerzas\u00bb, pero advirtieron que \u00abvolver\u00e1n a la carga con m\u00e1s fuerza y mejor organizaci\u00f3n ante cualquier imposici\u00f3n que amenace al campo\u00bb.<\/p>\n<p style=\"text-align: justify;\">Durante una reuni\u00f3n sostenida en la Secretar\u00eda de Gobernaci\u00f3n con autoridades de la Comisi\u00f3n Nacional del Agua (Conagua), los productores manifestaron su disposici\u00f3n a colaborar en la elaboraci\u00f3n del reglamento de la nueva ley. Ren\u00e9 Almeida, uno de los representantes, indic\u00f3 que, aunque no est\u00e1n conformes con la legislaci\u00f3n, \u00abtenemos que trabajar y colaborar con ella\u00bb, y destac\u00f3 la oportunidad de hacer aportaciones para posibles modificaciones.<\/p>\n<p style=\"text-align: justify;\">Los productores hicieron un llamado a que sus miembros asuman su responsabilidad y al gobierno a mejorar el apoyo al sector agropecuario. Agradecieron a quienes participaron en los bloqueos y manifestaciones, describiendo la organizaci\u00f3n y la informaci\u00f3n veraz como su \u00abmayor victoria\u00bb en la defensa de lo que consideran su legado y la soberan\u00eda alimentaria del pa\u00eds.<\/p>\n","protected":false},"excerpt":{"rendered":"<p>M\u00e9xico.- Grupos de productores del campo anunciaron un \u00abreceso estrat\u00e9gico\u00bb en sus movilizaciones, luego de que la reforma a la Ley de Aguas Nacionales y la nueva Ley General de Aguas fueran aprobadas en el Congreso y turnadas al Poder Ejecutivo para su promulgaci\u00f3n. Integrantes del Movimiento Agr\u00edcola Campesino y del Frente Nacional para el Rescate del Campo Mexicano se\u00f1alaron, a trav\u00e9s de un comunicado, que su lucha ha sido escuchada. Afirmaron que har\u00edan una pausa para \u00abvolver a sus ra\u00edces y recargar fuerzas\u00bb, pero advirtieron que \u00abvolver\u00e1n a la carga con m\u00e1s fuerza y mejor organizaci\u00f3n ante cualquier imposici\u00f3n [&hellip;]<\/p>\n","protected":false},"author":2,"featured_media":187045,"comment_status":"closed","ping_status":"closed","sticky":false,"template":"","format":"standard","meta":{"_monsterinsights_skip_tracking":false,"_monsterinsights_sitenote_active":false,"_monsterinsights_sitenote_note":"","_monsterinsights_sitenote_category":0,"footnotes":""},"categories":[46],"tags":[],"class_list":["post-187044","post","type-post","status-publish","format-standard","has-post-thumbnail","hentry","category-nacional","post--single"],"_links":{"self":[{"href":"https:\/\/canal7slp.tv\/2026\/wp-json\/wp\/v2\/posts\/187044","targetHints":{"allow":["GET"]}}],"collection":[{"href":"https:\/\/canal7slp.tv\/2026\/wp-json\/wp\/v2\/posts"}],"about":[{"href":"https:\/\/canal7slp.tv\/2026\/wp-json\/wp\/v2\/types\/post"}],"author":[{"embeddable":true,"href":"https:\/\/canal7slp.tv\/2026\/wp-json\/wp\/v2\/users\/2"}],"replies":[{"embeddable":true,"href":"https:\/\/canal7slp.tv\/2026\/wp-json\/wp\/v2\/comments?post=187044"}],"version-history":[{"count":2,"href":"https:\/\/canal7slp.tv\/2026\/wp-json\/wp\/v2\/posts\/187044\/revisions"}],"predecessor-version":[{"id":187047,"href":"https:\/\/canal7slp.tv\/2026\/wp-json\/wp\/v2\/posts\/187044\/revisions\/187047"}],"wp:featuredmedia":[{"embeddable":true,"href":"https:\/\/canal7slp.tv\/2026\/wp-json\/wp\/v2\/media\/187045"}],"wp:attachment":[{"href":"https:\/\/canal7slp.tv\/2026\/wp-json\/wp\/v2\/media?parent=187044"}],"wp:term":[{"taxonomy":"category","embeddable":true,"href":"https:\/\/canal7slp.tv\/2026\/wp-json\/wp\/v2\/categories?post=187044"},{"taxonomy":"post_tag","embeddable":true,"href":"https:\/\/canal7slp.tv\/2026\/wp-json\/wp\/v2\/tags?post=187044"}],"curies":[{"name":"wp","href":"https:\/\/api.w.org\/{rel}","templated":true}]}}