{"id":187018,"date":"2025-12-04T21:38:28","date_gmt":"2025-12-05T03:38:28","guid":{"rendered":"https:\/\/canal7slp.tv\/2026\/?p=187018"},"modified":"2025-12-04T21:38:28","modified_gmt":"2025-12-05T03:38:28","slug":"alista-dif-municipal-de-soledad-albergue-temporal-para-personas-en-situacion-de-vulnerabilidad","status":"publish","type":"post","link":"https:\/\/canal7slp.tv\/2026\/alista-dif-municipal-de-soledad-albergue-temporal-para-personas-en-situacion-de-vulnerabilidad\/","title":{"rendered":"Alista DIF municipal de Soledad albergue temporal para personas en situaci\u00f3n de vulnerabilidad"},"content":{"rendered":"<p style=\"text-align: justify;\"><span style=\"font-size: 1.21429rem;\">SGS.- La presidenta del DIF Municipal de Soledad de Graciano S\u00e1nchez Mar\u00eda del Pilar Cardona Reyna anunci\u00f3 que ya se encuentra listo el albergue temporal, para recibir a personas en situaci\u00f3n de vulnerabilidad y brindarles un espacio digno donde pasar la noche en esta temporada de fr\u00edo.<\/span><\/p>\n<p style=\"text-align: justify;\">La presidenta de este organismo dijo adem\u00e1s que personal del DIF realiza recorridos en colonias y comunidades m\u00e1s vulnerables, a fin de brindar apoyos inmediatos como cobijas, despensas y medicamentos.<\/p>\n<p style=\"text-align: justify;\">Se\u00f1al\u00f3 que en el albergue temporal ubicado en la colonia La Flores se apoyar\u00e1 con comidas y bebidas calientes adem\u00e1s de cobijas al decir que por el momento, solo han atendido a personas migrantes que van de paso.<\/p>\n<p>Por: Claudio Ibarra<\/p>\n","protected":false},"excerpt":{"rendered":"<p>SGS.- La presidenta del DIF Municipal de Soledad de Graciano S\u00e1nchez Mar\u00eda del Pilar Cardona Reyna anunci\u00f3 que ya se encuentra listo el albergue temporal, para recibir a personas en situaci\u00f3n de vulnerabilidad y brindarles un espacio digno donde pasar la noche en esta temporada de fr\u00edo. La presidenta de este organismo dijo adem\u00e1s que personal del DIF realiza recorridos en colonias y comunidades m\u00e1s vulnerables, a fin de brindar apoyos inmediatos como cobijas, despensas y medicamentos. Se\u00f1al\u00f3 que en el albergue temporal ubicado en la colonia La Flores se apoyar\u00e1 con comidas y bebidas calientes adem\u00e1s de cobijas al [&hellip;]<\/p>\n","protected":false},"author":2,"featured_media":187032,"comment_status":"closed","ping_status":"closed","sticky":false,"template":"","format":"video","meta":{"_monsterinsights_skip_tracking":false,"_monsterinsights_sitenote_active":false,"_monsterinsights_sitenote_note":"","_monsterinsights_sitenote_category":0,"footnotes":""},"categories":[512,5,45],"tags":[],"class_list":["post-187018","post","type-post","status-publish","format-video","has-post-thumbnail","hentry","category-ayosgs","category-destacadas","category-localesyregionales","post_format-post-format-video","post--single"],"_links":{"self":[{"href":"https:\/\/canal7slp.tv\/2026\/wp-json\/wp\/v2\/posts\/187018","targetHints":{"allow":["GET"]}}],"collection":[{"href":"https:\/\/canal7slp.tv\/2026\/wp-json\/wp\/v2\/posts"}],"about":[{"href":"https:\/\/canal7slp.tv\/2026\/wp-json\/wp\/v2\/types\/post"}],"author":[{"embeddable":true,"href":"https:\/\/canal7slp.tv\/2026\/wp-json\/wp\/v2\/users\/2"}],"replies":[{"embeddable":true,"href":"https:\/\/canal7slp.tv\/2026\/wp-json\/wp\/v2\/comments?post=187018"}],"version-history":[{"count":2,"href":"https:\/\/canal7slp.tv\/2026\/wp-json\/wp\/v2\/posts\/187018\/revisions"}],"predecessor-version":[{"id":187033,"href":"https:\/\/canal7slp.tv\/2026\/wp-json\/wp\/v2\/posts\/187018\/revisions\/187033"}],"wp:featuredmedia":[{"embeddable":true,"href":"https:\/\/canal7slp.tv\/2026\/wp-json\/wp\/v2\/media\/187032"}],"wp:attachment":[{"href":"https:\/\/canal7slp.tv\/2026\/wp-json\/wp\/v2\/media?parent=187018"}],"wp:term":[{"taxonomy":"category","embeddable":true,"href":"https:\/\/canal7slp.tv\/2026\/wp-json\/wp\/v2\/categories?post=187018"},{"taxonomy":"post_tag","embeddable":true,"href":"https:\/\/canal7slp.tv\/2026\/wp-json\/wp\/v2\/tags?post=187018"}],"curies":[{"name":"wp","href":"https:\/\/api.w.org\/{rel}","templated":true}]}}