{"id":187005,"date":"2025-12-04T18:02:31","date_gmt":"2025-12-05T00:02:31","guid":{"rendered":"https:\/\/canal7slp.tv\/2026\/?p=187005"},"modified":"2025-12-04T18:02:31","modified_gmt":"2025-12-05T00:02:31","slug":"en-reformas-laborales-empresariado-no-ha-sido-tomado-en-cuenta-aderiac","status":"publish","type":"post","link":"https:\/\/canal7slp.tv\/2026\/en-reformas-laborales-empresariado-no-ha-sido-tomado-en-cuenta-aderiac\/","title":{"rendered":"En reformas laborales, empresariado no ha sido tomado en cuenta: Aderiac"},"content":{"rendered":"<p style=\"text-align: justify;\">SLP.- Luego de que el gobierno de M\u00e9xico encabezado por la presidenta Claudia Sheinbaum anunciara el aumento del 13% al salario m\u00ednimo general para 2026, el presidente de la Asociaci\u00f3n de Ejecutivos de la Gesti\u00f3n del Talento Humano, Daniel Escobedo Uribe, se\u00f1al\u00f3 que es preocupante.<\/p>\n<p style=\"text-align: justify;\">\u201cS\u00ed, s\u00ed nos preocupa porque pues ese incremento al salario m\u00ednimo normalmente se genera en un incremento en la inflaci\u00f3n (\u2026) cuando se aumenta el costo de la mano de obra ese costo se traslada directamente al producto y al cliente final\u201d.<\/p>\n<p style=\"text-align: justify;\">El salario m\u00ednimo pasar\u00e1 de 278.80 pesos a 315.04 pesos diarios, mientras que en t\u00e9rminos mensuales quedar\u00e1 en nueve mil 582.47 pesos.<\/p>\n<p style=\"text-align: justify;\">\u201cLa econom\u00eda creci\u00f3 muy poco este a\u00f1o y se espera que crezca tambi\u00e9n poquito este a\u00f1o, igual un 1% para el siguiente a\u00f1o, es lo que se espera\u201d.<\/p>\n<p style=\"text-align: justify;\">Si bien no se tiene estimado la reducci\u00f3n de empleos, s\u00ed tendr\u00e1 un impacto negativo.<\/p>\n<p style=\"text-align: justify;\">\u201cNo nos va a afectar en la disminuci\u00f3n de empleos pero s\u00ed en el crecimiento de nuevos empleos, esa es la parte que no se a va obtener un gran incremento\u201d.<\/p>\n<p style=\"text-align: justify;\">Asever\u00f3 que el empresariado ha externado la serie de dificultades que se viven ante las reformas a lo laboral, sin que el gobierno les haya escuchado.<\/p>\n<p style=\"text-align: justify;\">\u201cLa verdad es que aunque nosotros hemos levantado la voz somos poco escuchados y no sea tomado en cuenta las decisiones del empresariado\u201d.<\/p>\n<p>Por: Juan Carlos Contreras<\/p>\n","protected":false},"excerpt":{"rendered":"<p>SLP.- Luego de que el gobierno de M\u00e9xico encabezado por la presidenta Claudia Sheinbaum anunciara el aumento del 13% al salario m\u00ednimo general para 2026, el presidente de la Asociaci\u00f3n de Ejecutivos de la Gesti\u00f3n del Talento Humano, Daniel Escobedo Uribe, se\u00f1al\u00f3 que es preocupante. \u201cS\u00ed, s\u00ed nos preocupa porque pues ese incremento al salario m\u00ednimo normalmente se genera en un incremento en la inflaci\u00f3n (\u2026) cuando se aumenta el costo de la mano de obra ese costo se traslada directamente al producto y al cliente final\u201d. El salario m\u00ednimo pasar\u00e1 de 278.80 pesos a 315.04 pesos diarios, mientras que [&hellip;]<\/p>\n","protected":false},"author":2,"featured_media":187014,"comment_status":"closed","ping_status":"closed","sticky":false,"template":"","format":"video","meta":{"_monsterinsights_skip_tracking":false,"_monsterinsights_sitenote_active":false,"_monsterinsights_sitenote_note":"","_monsterinsights_sitenote_category":0,"footnotes":""},"categories":[5,45],"tags":[],"class_list":["post-187005","post","type-post","status-publish","format-video","has-post-thumbnail","hentry","category-destacadas","category-localesyregionales","post_format-post-format-video","post--single"],"_links":{"self":[{"href":"https:\/\/canal7slp.tv\/2026\/wp-json\/wp\/v2\/posts\/187005","targetHints":{"allow":["GET"]}}],"collection":[{"href":"https:\/\/canal7slp.tv\/2026\/wp-json\/wp\/v2\/posts"}],"about":[{"href":"https:\/\/canal7slp.tv\/2026\/wp-json\/wp\/v2\/types\/post"}],"author":[{"embeddable":true,"href":"https:\/\/canal7slp.tv\/2026\/wp-json\/wp\/v2\/users\/2"}],"replies":[{"embeddable":true,"href":"https:\/\/canal7slp.tv\/2026\/wp-json\/wp\/v2\/comments?post=187005"}],"version-history":[{"count":2,"href":"https:\/\/canal7slp.tv\/2026\/wp-json\/wp\/v2\/posts\/187005\/revisions"}],"predecessor-version":[{"id":187015,"href":"https:\/\/canal7slp.tv\/2026\/wp-json\/wp\/v2\/posts\/187005\/revisions\/187015"}],"wp:featuredmedia":[{"embeddable":true,"href":"https:\/\/canal7slp.tv\/2026\/wp-json\/wp\/v2\/media\/187014"}],"wp:attachment":[{"href":"https:\/\/canal7slp.tv\/2026\/wp-json\/wp\/v2\/media?parent=187005"}],"wp:term":[{"taxonomy":"category","embeddable":true,"href":"https:\/\/canal7slp.tv\/2026\/wp-json\/wp\/v2\/categories?post=187005"},{"taxonomy":"post_tag","embeddable":true,"href":"https:\/\/canal7slp.tv\/2026\/wp-json\/wp\/v2\/tags?post=187005"}],"curies":[{"name":"wp","href":"https:\/\/api.w.org\/{rel}","templated":true}]}}