{"id":186974,"date":"2025-12-04T16:54:09","date_gmt":"2025-12-04T22:54:09","guid":{"rendered":"https:\/\/canal7slp.tv\/2026\/?p=186974"},"modified":"2025-12-04T16:54:37","modified_gmt":"2025-12-04T22:54:37","slug":"no-subestimemos-los-desafios-pero-tampoco-dudemos-de-nuestras-capacidades-expresan-autoridades-a-268-nuevos-agentes-de-gce","status":"publish","type":"post","link":"https:\/\/canal7slp.tv\/2026\/no-subestimemos-los-desafios-pero-tampoco-dudemos-de-nuestras-capacidades-expresan-autoridades-a-268-nuevos-agentes-de-gce\/","title":{"rendered":"\u00abNo subestimemos los desaf\u00edos, pero tampoco dudemos de nuestras capacidades\u00bb, expresan autoridades a 268 nuevos agentes de GCE"},"content":{"rendered":"<p style=\"text-align: justify;\"><span style=\"font-size: 1.21429rem;\">SLP.- La Guardia Civil del Estado concluy\u00f3 la formaci\u00f3n de una nueva generaci\u00f3n de elementos que se incorporar\u00e1n a tareas operativas en San Luis Potos\u00ed.<\/span><\/p>\n<p style=\"text-align: justify;\">Durante la ceremonia de graduaci\u00f3n, se destac\u00f3 que la conclusi\u00f3n de esta etapa marca el inicio de nuevas responsabilidades en campo.<\/p>\n<p style=\"text-align: justify;\">El secretario de Seguridad y Protecci\u00f3n Ciudadana, Jes\u00fas Ju\u00e1rez Hern\u00e1ndez, abri\u00f3 su mensaje al reconocer el trabajo de quienes forman parte de la cuarta generaci\u00f3n de esta corporaci\u00f3n.<\/p>\n<p style=\"text-align: justify;\">\u00abEs para m\u00ed un honor dirigirme al distinguido presidio que nos acompa\u00f1a, a todos los presentes y principalmente al personal que se capacit\u00f3 dentro del curso de formaci\u00f3n inicial para la Guardia Civil Estatal conformada por 150 hombres y 118 mujeres siendo un total de 268 elementos ahora graduados de la cuarta generaci\u00f3n de la academia de seguridad y protecci\u00f3n ciudadana\u00bb, detall\u00f3.<\/p>\n<p style=\"text-align: justify;\">Subray\u00f3 que el egreso de esta generaci\u00f3n representa un punto de partida para su labor en territorio potosino y el combate a la delincuencia.<\/p>\n<p style=\"text-align: justify;\">\u00abNos reunimos en esta academia para celebrar esta meta alcanzada y reconocer el inicio de una misi\u00f3n trascendental para nuestros elementos egresados en beneficio de nuestra sociedad y quiero expresar mis m\u00e1s sinceras felicitaciones a cada uno de ustedes que han culminado un proceso de formaci\u00f3n exigente demostrando disciplina, constancia y un profundo compromiso con la seguridad p\u00fablica\u00bb, se\u00f1al\u00f3.<\/p>\n<p style=\"text-align: justify;\">De esa forma, el funcionario centr\u00f3 su mensaje en la vocaci\u00f3n necesaria para desempe\u00f1arse en la instituci\u00f3n.<\/p>\n<p style=\"text-align: justify;\">\u00abSer servidor p\u00fablico en el \u00e1mbito de la seguridad es una profesi\u00f3n es una vocaci\u00f3n que exige entrega, sacrificio y empat\u00eda; ustedes han elegido un camino que demanda valor y convicci\u00f3n porque implica velar por el bienestar de la ciudadan\u00eda, incluso cuando las circunstancias sean adversas\u00bb, dijo.<\/p>\n<p style=\"text-align: justify;\">Tambi\u00e9n enfatiz\u00f3 la importancia de mantener est\u00e1ndares \u00e9ticos y de profesionalismo en cada intervenci\u00f3n:<\/p>\n<p style=\"text-align: justify;\">\u201cHoy se les exhorta a cumplir su misi\u00f3n con honor, \u00e9tica y profesionalismo, sean ejemplo de integridad y rectitud en cada tarea que desempe\u00f1en, el uniforme que portan es s\u00edmbolo de responsabilidad y compromiso, enfrentar\u00e1n situaciones complejas, pero nunca olviden que la fortaleza de su car\u00e1cter y la pulcritud de sus acciones son el mayor legado que puedan dejar a la sociedad\u00bb, a\u00f1adi\u00f3.<\/p>\n<p style=\"text-align: justify;\">Asimismo, dirigi\u00f3 un mensaje a las familias que acompa\u00f1aron a los elementos durante el proceso formativo.<\/p>\n<p style=\"text-align: justify;\">\u201cA las familias de nuestros graduados: mi m\u00e1s profundo agradecimiento, ustedes han sido un soporte fundamental en este camino brindando apoyo, brindando amor, comprensi\u00f3n y \u00e1nimo en los momentos de incertidumbre, gracias por creer en sus seres queridos y por permitirles cumplir con este noble llamado\u00bb, expuso.<\/p>\n<p style=\"text-align: justify;\">Antes de concluir, el secretario llam\u00f3 a mantener la capacitaci\u00f3n continua ante los retos que enfrentar\u00e1n en territorio potosino:<\/p>\n<p style=\"text-align: justify;\">\u201cNo subestimemos los desaf\u00edos, pero tampoco dudemos de nuestras capacidades para superarlos, mantengan siempre el aprendizaje continuo y la disposici\u00f3n del trabajo en equipo, recuerden que ante cada obst\u00e1culo la vocaci\u00f3n de servicio y el compromiso con la justicia ser\u00e1 la mejor herramienta\u00bb, termin\u00f3.<\/p>\n<p>Por: Jos\u00e9 Luis V\u00e1zquez<\/p>\n","protected":false},"excerpt":{"rendered":"<p>SLP.- La Guardia Civil del Estado concluy\u00f3 la formaci\u00f3n de una nueva generaci\u00f3n de elementos que se incorporar\u00e1n a tareas operativas en San Luis Potos\u00ed. Durante la ceremonia de graduaci\u00f3n, se destac\u00f3 que la conclusi\u00f3n de esta etapa marca el inicio de nuevas responsabilidades en campo. El secretario de Seguridad y Protecci\u00f3n Ciudadana, Jes\u00fas Ju\u00e1rez Hern\u00e1ndez, abri\u00f3 su mensaje al reconocer el trabajo de quienes forman parte de la cuarta generaci\u00f3n de esta corporaci\u00f3n. \u00abEs para m\u00ed un honor dirigirme al distinguido presidio que nos acompa\u00f1a, a todos los presentes y principalmente al personal que se capacit\u00f3 dentro del curso [&hellip;]<\/p>\n","protected":false},"author":2,"featured_media":186984,"comment_status":"closed","ping_status":"closed","sticky":false,"template":"","format":"video","meta":{"_monsterinsights_skip_tracking":false,"_monsterinsights_sitenote_active":false,"_monsterinsights_sitenote_note":"","_monsterinsights_sitenote_category":0,"footnotes":""},"categories":[5,510,45],"tags":[],"class_list":["post-186974","post","type-post","status-publish","format-video","has-post-thumbnail","hentry","category-destacadas","category-gobedoslp","category-localesyregionales","post_format-post-format-video","post--single"],"_links":{"self":[{"href":"https:\/\/canal7slp.tv\/2026\/wp-json\/wp\/v2\/posts\/186974","targetHints":{"allow":["GET"]}}],"collection":[{"href":"https:\/\/canal7slp.tv\/2026\/wp-json\/wp\/v2\/posts"}],"about":[{"href":"https:\/\/canal7slp.tv\/2026\/wp-json\/wp\/v2\/types\/post"}],"author":[{"embeddable":true,"href":"https:\/\/canal7slp.tv\/2026\/wp-json\/wp\/v2\/users\/2"}],"replies":[{"embeddable":true,"href":"https:\/\/canal7slp.tv\/2026\/wp-json\/wp\/v2\/comments?post=186974"}],"version-history":[{"count":1,"href":"https:\/\/canal7slp.tv\/2026\/wp-json\/wp\/v2\/posts\/186974\/revisions"}],"predecessor-version":[{"id":186985,"href":"https:\/\/canal7slp.tv\/2026\/wp-json\/wp\/v2\/posts\/186974\/revisions\/186985"}],"wp:featuredmedia":[{"embeddable":true,"href":"https:\/\/canal7slp.tv\/2026\/wp-json\/wp\/v2\/media\/186984"}],"wp:attachment":[{"href":"https:\/\/canal7slp.tv\/2026\/wp-json\/wp\/v2\/media?parent=186974"}],"wp:term":[{"taxonomy":"category","embeddable":true,"href":"https:\/\/canal7slp.tv\/2026\/wp-json\/wp\/v2\/categories?post=186974"},{"taxonomy":"post_tag","embeddable":true,"href":"https:\/\/canal7slp.tv\/2026\/wp-json\/wp\/v2\/tags?post=186974"}],"curies":[{"name":"wp","href":"https:\/\/api.w.org\/{rel}","templated":true}]}}