{"id":186938,"date":"2025-12-04T13:52:33","date_gmt":"2025-12-04T19:52:33","guid":{"rendered":"https:\/\/canal7slp.tv\/2026\/?p=186938"},"modified":"2025-12-04T13:52:33","modified_gmt":"2025-12-04T19:52:33","slug":"gobierno-de-eua-anuncia-que-no-invitara-a-sudafrica-al-g20-de-miami","status":"publish","type":"post","link":"https:\/\/canal7slp.tv\/2026\/gobierno-de-eua-anuncia-que-no-invitara-a-sudafrica-al-g20-de-miami\/","title":{"rendered":"Gobierno de EUA anuncia que no invitar\u00e1 a Sud\u00e1frica al G20 de Miami"},"content":{"rendered":"<p style=\"text-align: justify;\">EEUU.- El gobierno de Estados Unidos anunci\u00f3 que no invitar\u00e1 a Sud\u00e1frica a participar en la pr\u00f3xima cumbre del G20 que organizar\u00e1 en Miami en 2026.<\/p>\n<p style=\"text-align: justify;\">La decisi\u00f3n fue comunicada por el secretario de Estado, Marco Rubio, quien acus\u00f3 al gobierno sudafricano de haber obstruido las negociaciones durante su presidencia del foro durante este a\u00f1o.<\/p>\n<p style=\"text-align: justify;\">En un comunicado publicado en su cuenta oficial de X, Rubio afirm\u00f3 que la actuaci\u00f3n de Pretoria \u00abmanch\u00f3 fundamentalmente la reputaci\u00f3n del G20\u00bb.<\/p>\n<p style=\"text-align: justify;\">Se\u00f1al\u00f3 que el partido gobernante, el Congreso Nacional Africano (CNA), impuls\u00f3 una agenda centrada en temas como el cambio clim\u00e1tico y la diversidad, ignorando las objeciones estadounidenses, y acus\u00f3 a Sud\u00e1frica de bloquear aportes de otros pa\u00edses y divulgar informaci\u00f3n confidencial.<\/p>\n<p style=\"text-align: justify;\">La declaraci\u00f3n tambi\u00e9n vincul\u00f3 estos hechos con lo que describi\u00f3 como un deterioro de las instituciones sudafricanas y un estancamiento econ\u00f3mico en el pa\u00eds desde la era de Nelson Mandela.<\/p>\n<p style=\"text-align: justify;\">Rubio anunci\u00f3 que el G20 de Miami se centrar\u00e1 en reducir regulaciones, reforzar las cadenas de suministro energ\u00e9tico y promover la innovaci\u00f3n tecnol\u00f3gica.<\/p>\n<p style=\"text-align: justify;\">Esta decisi\u00f3n se produce en un contexto de tensi\u00f3n diplom\u00e1tica. Estados Unidos no particip\u00f3 en la cumbre del G20 realizada en Sud\u00e1frica el mes pasado, luego de que el presidente Donald Trump anunciara su inasistencia y ordenara que ning\u00fan funcionario de su administraci\u00f3n viajara al evento.<\/p>\n","protected":false},"excerpt":{"rendered":"<p>EEUU.- El gobierno de Estados Unidos anunci\u00f3 que no invitar\u00e1 a Sud\u00e1frica a participar en la pr\u00f3xima cumbre del G20 que organizar\u00e1 en Miami en 2026. La decisi\u00f3n fue comunicada por el secretario de Estado, Marco Rubio, quien acus\u00f3 al gobierno sudafricano de haber obstruido las negociaciones durante su presidencia del foro durante este a\u00f1o. En un comunicado publicado en su cuenta oficial de X, Rubio afirm\u00f3 que la actuaci\u00f3n de Pretoria \u00abmanch\u00f3 fundamentalmente la reputaci\u00f3n del G20\u00bb. Se\u00f1al\u00f3 que el partido gobernante, el Congreso Nacional Africano (CNA), impuls\u00f3 una agenda centrada en temas como el cambio clim\u00e1tico y la [&hellip;]<\/p>\n","protected":false},"author":2,"featured_media":186939,"comment_status":"closed","ping_status":"closed","sticky":false,"template":"","format":"standard","meta":{"_monsterinsights_skip_tracking":false,"_monsterinsights_sitenote_active":false,"_monsterinsights_sitenote_note":"","_monsterinsights_sitenote_category":0,"footnotes":""},"categories":[44],"tags":[],"class_list":["post-186938","post","type-post","status-publish","format-standard","has-post-thumbnail","hentry","category-internacional","post--single"],"_links":{"self":[{"href":"https:\/\/canal7slp.tv\/2026\/wp-json\/wp\/v2\/posts\/186938","targetHints":{"allow":["GET"]}}],"collection":[{"href":"https:\/\/canal7slp.tv\/2026\/wp-json\/wp\/v2\/posts"}],"about":[{"href":"https:\/\/canal7slp.tv\/2026\/wp-json\/wp\/v2\/types\/post"}],"author":[{"embeddable":true,"href":"https:\/\/canal7slp.tv\/2026\/wp-json\/wp\/v2\/users\/2"}],"replies":[{"embeddable":true,"href":"https:\/\/canal7slp.tv\/2026\/wp-json\/wp\/v2\/comments?post=186938"}],"version-history":[{"count":1,"href":"https:\/\/canal7slp.tv\/2026\/wp-json\/wp\/v2\/posts\/186938\/revisions"}],"predecessor-version":[{"id":186940,"href":"https:\/\/canal7slp.tv\/2026\/wp-json\/wp\/v2\/posts\/186938\/revisions\/186940"}],"wp:featuredmedia":[{"embeddable":true,"href":"https:\/\/canal7slp.tv\/2026\/wp-json\/wp\/v2\/media\/186939"}],"wp:attachment":[{"href":"https:\/\/canal7slp.tv\/2026\/wp-json\/wp\/v2\/media?parent=186938"}],"wp:term":[{"taxonomy":"category","embeddable":true,"href":"https:\/\/canal7slp.tv\/2026\/wp-json\/wp\/v2\/categories?post=186938"},{"taxonomy":"post_tag","embeddable":true,"href":"https:\/\/canal7slp.tv\/2026\/wp-json\/wp\/v2\/tags?post=186938"}],"curies":[{"name":"wp","href":"https:\/\/api.w.org\/{rel}","templated":true}]}}