{"id":186913,"date":"2025-12-03T19:58:54","date_gmt":"2025-12-04T01:58:54","guid":{"rendered":"https:\/\/canal7slp.tv\/2026\/?p=186913"},"modified":"2025-12-03T19:58:54","modified_gmt":"2025-12-04T01:58:54","slug":"dif-municipal-realiza-foro-discapacidad-en-360","status":"publish","type":"post","link":"https:\/\/canal7slp.tv\/2026\/dif-municipal-realiza-foro-discapacidad-en-360\/","title":{"rendered":"DIF municipal realiza foro \u201cDiscapacidad en 360\u00b0\u201d"},"content":{"rendered":"<p style=\"text-align: justify;\"><span style=\"font-size: 1.21429rem;\">SLP.- El DIF municipal dio inicio al foro \u201cDiscapacidad en 360\u00b0\u201d como un espacio creado para reforzar la inclusi\u00f3n, accesibilidad universal y el respeto pleno al derecho de las personas con discapacidad.<\/span><\/p>\n<p style=\"text-align: justify;\">Lo anterior en el marco del D\u00eda Internacional de la Discapacidad que se conmemora este 3 de Diciembre.<\/p>\n<p style=\"text-align: justify;\">Luis Quintana, uno de los ponentes de este foro destac\u00f3 los obst\u00e1culos a los que d\u00eda a d\u00eda se enfrentan las personas en situaci\u00f3n de vulnerabilidad, pese a las leyes y normas que se han logrado en este tema.<\/p>\n<p style=\"text-align: justify;\">La presidenta del DIF Municipal capitalino Estela Arriaga M\u00e1rquez afirm\u00f3 que una ciudad que avanza firme hacia la accesibilidad, es una ciudad que derriba barreras y que abraza a su gente.<\/p>\n<p style=\"text-align: justify;\">En este evento el alcalde capitalino Enrique Galindo destac\u00f3 que en su administraci\u00f3n se han ejecutado 215 obras para grupos vulnerables entre las que destacan rampas y gu\u00edas podot\u00e1ctiles, en un entorno para que las personas con discapacidad puedan desplazarse y vivir con autonom\u00eda.<\/p>\n<p style=\"text-align: justify;\">Asimismo, el fundador de la asociaci\u00f3n civil \u201cTodo Accesible\u201d se\u00f1al\u00f3 la importancia de generar un mayor conocimiento, que permita brindar una atenci\u00f3n m\u00e1s preparada, mas humana y m\u00e1s cercana en el tema de la discapacidad.<\/p>\n<p>Por: Claudio Ibarra<\/p>\n","protected":false},"excerpt":{"rendered":"<p>SLP.- El DIF municipal dio inicio al foro \u201cDiscapacidad en 360\u00b0\u201d como un espacio creado para reforzar la inclusi\u00f3n, accesibilidad universal y el respeto pleno al derecho de las personas con discapacidad. Lo anterior en el marco del D\u00eda Internacional de la Discapacidad que se conmemora este 3 de Diciembre. Luis Quintana, uno de los ponentes de este foro destac\u00f3 los obst\u00e1culos a los que d\u00eda a d\u00eda se enfrentan las personas en situaci\u00f3n de vulnerabilidad, pese a las leyes y normas que se han logrado en este tema. La presidenta del DIF Municipal capitalino Estela Arriaga M\u00e1rquez afirm\u00f3 que [&hellip;]<\/p>\n","protected":false},"author":2,"featured_media":186919,"comment_status":"closed","ping_status":"closed","sticky":false,"template":"","format":"video","meta":{"_monsterinsights_skip_tracking":false,"_monsterinsights_sitenote_active":false,"_monsterinsights_sitenote_note":"","_monsterinsights_sitenote_category":0,"footnotes":""},"categories":[66,5,45],"tags":[],"class_list":["post-186913","post","type-post","status-publish","format-video","has-post-thumbnail","hentry","category-ayoslp","category-destacadas","category-localesyregionales","post_format-post-format-video","post--single"],"_links":{"self":[{"href":"https:\/\/canal7slp.tv\/2026\/wp-json\/wp\/v2\/posts\/186913","targetHints":{"allow":["GET"]}}],"collection":[{"href":"https:\/\/canal7slp.tv\/2026\/wp-json\/wp\/v2\/posts"}],"about":[{"href":"https:\/\/canal7slp.tv\/2026\/wp-json\/wp\/v2\/types\/post"}],"author":[{"embeddable":true,"href":"https:\/\/canal7slp.tv\/2026\/wp-json\/wp\/v2\/users\/2"}],"replies":[{"embeddable":true,"href":"https:\/\/canal7slp.tv\/2026\/wp-json\/wp\/v2\/comments?post=186913"}],"version-history":[{"count":3,"href":"https:\/\/canal7slp.tv\/2026\/wp-json\/wp\/v2\/posts\/186913\/revisions"}],"predecessor-version":[{"id":186921,"href":"https:\/\/canal7slp.tv\/2026\/wp-json\/wp\/v2\/posts\/186913\/revisions\/186921"}],"wp:featuredmedia":[{"embeddable":true,"href":"https:\/\/canal7slp.tv\/2026\/wp-json\/wp\/v2\/media\/186919"}],"wp:attachment":[{"href":"https:\/\/canal7slp.tv\/2026\/wp-json\/wp\/v2\/media?parent=186913"}],"wp:term":[{"taxonomy":"category","embeddable":true,"href":"https:\/\/canal7slp.tv\/2026\/wp-json\/wp\/v2\/categories?post=186913"},{"taxonomy":"post_tag","embeddable":true,"href":"https:\/\/canal7slp.tv\/2026\/wp-json\/wp\/v2\/tags?post=186913"}],"curies":[{"name":"wp","href":"https:\/\/api.w.org\/{rel}","templated":true}]}}