{"id":186892,"date":"2025-12-03T17:53:15","date_gmt":"2025-12-03T23:53:15","guid":{"rendered":"https:\/\/canal7slp.tv\/2026\/?p=186892"},"modified":"2025-12-03T17:53:15","modified_gmt":"2025-12-03T23:53:15","slug":"conciencia-social-existe-pero-otros-temas-abruman-y-distraen-a-la-sociedad-advierten-en-foro-de-ipac","status":"publish","type":"post","link":"https:\/\/canal7slp.tv\/2026\/conciencia-social-existe-pero-otros-temas-abruman-y-distraen-a-la-sociedad-advierten-en-foro-de-ipac\/","title":{"rendered":"Conciencia social existe, pero otros temas abruman y distraen a la sociedad; advierten en foro de IPAC"},"content":{"rendered":"<p style=\"text-align: justify;\"><span style=\"font-size: 1.21429rem;\">SLP.- En el Quinto Foro de Energ\u00edas Limpias y Transici\u00f3n Energ\u00e9tica organizado por Industriales Potosinos, especialistas del sector ambiental destacaron que el avance hacia la econom\u00eda circular en M\u00e9xico depende de un trabajo colaborativo entre sociedad, gobiernos y empresas.<\/span><\/p>\n<p style=\"text-align: justify;\">El director de Calidad, Medio Ambiente, Seguridad e Higiene de una empresa especializada en gesti\u00f3n ambiental, Juan Mar\u00edn Gracia, sostuvo que el pa\u00eds cuenta con conciencia social suficiente para impulsar este modelo, pero a\u00fan falta alinearla en acciones concretas y sostenidas.<\/p>\n<p style=\"text-align: justify;\">\u201cYo creo que estamos en el camino correcto, una de las principales tesis o principios de econom\u00eda circular es el ambiente colaborativo, me da mucho que en el foro est\u00e9 sociedad integral reunida, sector p\u00fablico, pol\u00edtico, acad\u00e9mico, privado incluso social\u00bb, se\u00f1al\u00f3.<\/p>\n<p style=\"text-align: justify;\">Agreg\u00f3: \u201cNos falta solo ponernos de acuerdo, arrancar en consecuencia y trabajar en ese sentido de manera colaborativa propositiva y con claros objetivos hacia adelante.\u201d<\/p>\n<p style=\"text-align: justify;\">Mar\u00edn Gracia afirm\u00f3 que la sociedad mexicana mantiene una base de conciencia ambiental que no se ha perdido, aunque ha sido desplazada por otras preocupaciones.<\/p>\n<p style=\"text-align: justify;\">\u201cSi se tiene la conciencia social, hemos estado abrumados por otros temas, pero creo que la conciencia est\u00e1 ah\u00ed en el ADN de la sociedad mexicana, solo le falta despertar, mover ah\u00ed el ambiente para que se reactive el concepto de ambiente o el concepto de gesti\u00f3n o el concepto de educaci\u00f3n ambiental, todos somos parte de la soluci\u00f3n\u00bb, dijo.<\/p>\n<p style=\"text-align: justify;\">Respecto al rol empresarial, se\u00f1al\u00f3 que la iniciativa privada reconoce su responsabilidad en recursos y soluciones, siempre que exista voluntad social para acompa\u00f1ar los esfuerzos:<\/p>\n<p style=\"text-align: justify;\">\u201cEl inter\u00e9s del sector privado es notorio y muy puntual, estamos conscientes de que tenemos que aportar recursos, estamos conscientes de que tenemos que aportar soluciones, pero siempre y cuando la sociedad est\u00e9 dispuesta a colaborar\u00bb, insisti\u00f3.<\/p>\n<p style=\"text-align: justify;\">Explic\u00f3 que cualquier proyecto de sostenibilidad debe equilibrar viabilidad econ\u00f3mica, aceptaci\u00f3n social y solidez t\u00e9cnica<\/p>\n<p style=\"text-align: justify;\">De esa forma, record\u00f3 que la econom\u00eda circular no debe verse como una meta final, sino como un proceso permanente de mejora.<\/p>\n<p style=\"text-align: justify;\">\u201cNo es un destino la econom\u00eda circular, es un camino; no voy a llegar a la econom\u00eda circular en 20 o 30 a\u00f1os, no es que falte; que me suba al camino es lo importante, entonces veamos a la econom\u00eda circular y a la sostenibilidad como un camino, no un destino, y en la medida en el que estemos en el camino correcto estaremos avanzando.\u201d<\/p>\n<p style=\"text-align: justify;\">Por: Jos\u00e9 Luis V\u00e1zquez<\/p>\n","protected":false},"excerpt":{"rendered":"<p>SLP.- En el Quinto Foro de Energ\u00edas Limpias y Transici\u00f3n Energ\u00e9tica organizado por Industriales Potosinos, especialistas del sector ambiental destacaron que el avance hacia la econom\u00eda circular en M\u00e9xico depende de un trabajo colaborativo entre sociedad, gobiernos y empresas. El director de Calidad, Medio Ambiente, Seguridad e Higiene de una empresa especializada en gesti\u00f3n ambiental, Juan Mar\u00edn Gracia, sostuvo que el pa\u00eds cuenta con conciencia social suficiente para impulsar este modelo, pero a\u00fan falta alinearla en acciones concretas y sostenidas. \u201cYo creo que estamos en el camino correcto, una de las principales tesis o principios de econom\u00eda circular es el [&hellip;]<\/p>\n","protected":false},"author":2,"featured_media":186894,"comment_status":"closed","ping_status":"closed","sticky":false,"template":"","format":"video","meta":{"_monsterinsights_skip_tracking":false,"_monsterinsights_sitenote_active":false,"_monsterinsights_sitenote_note":"","_monsterinsights_sitenote_category":0,"footnotes":""},"categories":[5,45],"tags":[],"class_list":["post-186892","post","type-post","status-publish","format-video","has-post-thumbnail","hentry","category-destacadas","category-localesyregionales","post_format-post-format-video","post--single"],"_links":{"self":[{"href":"https:\/\/canal7slp.tv\/2026\/wp-json\/wp\/v2\/posts\/186892","targetHints":{"allow":["GET"]}}],"collection":[{"href":"https:\/\/canal7slp.tv\/2026\/wp-json\/wp\/v2\/posts"}],"about":[{"href":"https:\/\/canal7slp.tv\/2026\/wp-json\/wp\/v2\/types\/post"}],"author":[{"embeddable":true,"href":"https:\/\/canal7slp.tv\/2026\/wp-json\/wp\/v2\/users\/2"}],"replies":[{"embeddable":true,"href":"https:\/\/canal7slp.tv\/2026\/wp-json\/wp\/v2\/comments?post=186892"}],"version-history":[{"count":1,"href":"https:\/\/canal7slp.tv\/2026\/wp-json\/wp\/v2\/posts\/186892\/revisions"}],"predecessor-version":[{"id":186895,"href":"https:\/\/canal7slp.tv\/2026\/wp-json\/wp\/v2\/posts\/186892\/revisions\/186895"}],"wp:featuredmedia":[{"embeddable":true,"href":"https:\/\/canal7slp.tv\/2026\/wp-json\/wp\/v2\/media\/186894"}],"wp:attachment":[{"href":"https:\/\/canal7slp.tv\/2026\/wp-json\/wp\/v2\/media?parent=186892"}],"wp:term":[{"taxonomy":"category","embeddable":true,"href":"https:\/\/canal7slp.tv\/2026\/wp-json\/wp\/v2\/categories?post=186892"},{"taxonomy":"post_tag","embeddable":true,"href":"https:\/\/canal7slp.tv\/2026\/wp-json\/wp\/v2\/tags?post=186892"}],"curies":[{"name":"wp","href":"https:\/\/api.w.org\/{rel}","templated":true}]}}