{"id":186883,"date":"2025-12-03T17:38:20","date_gmt":"2025-12-03T23:38:20","guid":{"rendered":"https:\/\/canal7slp.tv\/2026\/?p=186883"},"modified":"2025-12-03T17:38:20","modified_gmt":"2025-12-03T23:38:20","slug":"academicos-de-derecho-en-la-uaslp-piden-respetar-terna-para-dirigir-la-facultad","status":"publish","type":"post","link":"https:\/\/canal7slp.tv\/2026\/academicos-de-derecho-en-la-uaslp-piden-respetar-terna-para-dirigir-la-facultad\/","title":{"rendered":"Acad\u00e9micos de Derecho en la UASLP piden respetar terna para dirigir la facultad"},"content":{"rendered":"<p style=\"text-align: justify;\"><span style=\"font-size: 1.21429rem;\">SLP.- Personal acad\u00e9mico de la Facultad de Derecho de la Universidad Aut\u00f3noma de San Luis Potos\u00ed solicit\u00f3 al Consejo Directivo Universitario respetar la terna propuesta por el Consejo T\u00e9cnico Consultivo para nombrar a la pr\u00f3xima persona titular de la Direcci\u00f3n de la entidad.<\/span><\/p>\n<p style=\"text-align: justify;\">Argumentan que los perfiles cumplen con los requisitos legales, acad\u00e9micos y profesionales para ocupar el cargo.<\/p>\n<p style=\"text-align: justify;\">En el documento se expone que las tres candidaturas cuentan con experiencia, capacidad y liderazgo para encabezar la facultad.<\/p>\n<p style=\"text-align: justify;\">Adem\u00e1s, se menciona que el proceso de integraci\u00f3n de la terna se realiz\u00f3 conforme al Estatuto Org\u00e1nico y al Reglamento Interno, por lo que piden evitar cualquier intento de modificaci\u00f3n, veto o intervenci\u00f3n que contravenga las atribuciones del Consejo T\u00e9cnico Consultivo.<\/p>\n<p style=\"text-align: justify;\">En el texto se resalta que ninguna autoridad universitaria puede alterar la propuesta votada y se citan disposiciones normativas que establecen la facultad exclusiva del mismo consejo para evaluar expedientes y seleccionar a quienes considere id\u00f3neos.<\/p>\n<p style=\"text-align: justify;\">El personal acad\u00e9mico tambi\u00e9n advierte que no tolerar\u00e1 pr\u00e1cticas que generen incertidumbre o confrontaci\u00f3n interna.<\/p>\n<p style=\"text-align: justify;\">En esa misma l\u00ednea, se incorpora un se\u00f1alamiento directo sobre la conducta de una minor\u00eda dentro de la facultad y que los acad\u00e9micos rechazan de manera en\u00e9rgica ante cualquier intento de \u201cprotagonismo\u201d o de acciones que califican como reprobables, incluyendo pr\u00e1cticas porriles o intentos de desestabilizar la vida acad\u00e9mica.<\/p>\n<p style=\"text-align: justify;\">Sostienen que su silencio previo obedeci\u00f3 a la prudencia, pero que las circunstancias actuales obligan a dejar claro que no respaldar\u00e1n comportamientos que afecten la convivencia institucional ni la continuidad del proceso universitario.<\/p>\n<p style=\"text-align: justify;\">Finalmente, el pronunciamiento solicita que el Consejo Directivo tome en cuenta \u00fanicamente los elementos normativos y la valoraci\u00f3n t\u00e9cnica realizada por el \u00f3rgano consultivo, con el objetivo de garantizar un proceso transparente y acorde al marco universitario.<\/p>\n<p style=\"text-align: justify;\">El documento incluye m\u00e1s de un centenar de firmas de profesoras y profesores que respaldan la petici\u00f3n.<\/p>\n<p style=\"text-align: justify;\">Por: Jos\u00e9 Luis V\u00e1zquez<\/p>\n","protected":false},"excerpt":{"rendered":"<p>SLP.- Personal acad\u00e9mico de la Facultad de Derecho de la Universidad Aut\u00f3noma de San Luis Potos\u00ed solicit\u00f3 al Consejo Directivo Universitario respetar la terna propuesta por el Consejo T\u00e9cnico Consultivo para nombrar a la pr\u00f3xima persona titular de la Direcci\u00f3n de la entidad. Argumentan que los perfiles cumplen con los requisitos legales, acad\u00e9micos y profesionales para ocupar el cargo. En el documento se expone que las tres candidaturas cuentan con experiencia, capacidad y liderazgo para encabezar la facultad. Adem\u00e1s, se menciona que el proceso de integraci\u00f3n de la terna se realiz\u00f3 conforme al Estatuto Org\u00e1nico y al Reglamento Interno, por [&hellip;]<\/p>\n","protected":false},"author":2,"featured_media":186885,"comment_status":"closed","ping_status":"closed","sticky":false,"template":"","format":"video","meta":{"_monsterinsights_skip_tracking":false,"_monsterinsights_sitenote_active":false,"_monsterinsights_sitenote_note":"","_monsterinsights_sitenote_category":0,"footnotes":""},"categories":[5,45],"tags":[],"class_list":["post-186883","post","type-post","status-publish","format-video","has-post-thumbnail","hentry","category-destacadas","category-localesyregionales","post_format-post-format-video","post--single"],"_links":{"self":[{"href":"https:\/\/canal7slp.tv\/2026\/wp-json\/wp\/v2\/posts\/186883","targetHints":{"allow":["GET"]}}],"collection":[{"href":"https:\/\/canal7slp.tv\/2026\/wp-json\/wp\/v2\/posts"}],"about":[{"href":"https:\/\/canal7slp.tv\/2026\/wp-json\/wp\/v2\/types\/post"}],"author":[{"embeddable":true,"href":"https:\/\/canal7slp.tv\/2026\/wp-json\/wp\/v2\/users\/2"}],"replies":[{"embeddable":true,"href":"https:\/\/canal7slp.tv\/2026\/wp-json\/wp\/v2\/comments?post=186883"}],"version-history":[{"count":1,"href":"https:\/\/canal7slp.tv\/2026\/wp-json\/wp\/v2\/posts\/186883\/revisions"}],"predecessor-version":[{"id":186886,"href":"https:\/\/canal7slp.tv\/2026\/wp-json\/wp\/v2\/posts\/186883\/revisions\/186886"}],"wp:featuredmedia":[{"embeddable":true,"href":"https:\/\/canal7slp.tv\/2026\/wp-json\/wp\/v2\/media\/186885"}],"wp:attachment":[{"href":"https:\/\/canal7slp.tv\/2026\/wp-json\/wp\/v2\/media?parent=186883"}],"wp:term":[{"taxonomy":"category","embeddable":true,"href":"https:\/\/canal7slp.tv\/2026\/wp-json\/wp\/v2\/categories?post=186883"},{"taxonomy":"post_tag","embeddable":true,"href":"https:\/\/canal7slp.tv\/2026\/wp-json\/wp\/v2\/tags?post=186883"}],"curies":[{"name":"wp","href":"https:\/\/api.w.org\/{rel}","templated":true}]}}