{"id":186864,"date":"2025-12-03T16:50:55","date_gmt":"2025-12-03T22:50:55","guid":{"rendered":"https:\/\/canal7slp.tv\/2026\/?p=186864"},"modified":"2025-12-03T16:50:55","modified_gmt":"2025-12-03T22:50:55","slug":"ola-de-frio-artico-afectara-el-centro-y-este-de-eua-con-temperaturas-extremas-y-tormentas-invernales","status":"publish","type":"post","link":"https:\/\/canal7slp.tv\/2026\/ola-de-frio-artico-afectara-el-centro-y-este-de-eua-con-temperaturas-extremas-y-tormentas-invernales\/","title":{"rendered":"Ola de fr\u00edo \u00e1rtico afectar\u00e1 el centro y este de EUA con temperaturas extremas y tormentas invernales"},"content":{"rendered":"<p style=\"text-align: justify;\">EEUU.- El Servicio Meteorol\u00f3gico Nacional (NWS) de Estados Unidos alert\u00f3 sobre una ola de fr\u00edo \u00e1rtico que afectar\u00e1 el centro y el este del pa\u00eds, con temperaturas que podr\u00edan alcanzar niveles r\u00e9cord, incluso inferiores a -17 grados cent\u00edgrados (0\u00b0F).<\/p>\n<p style=\"text-align: justify;\">El fen\u00f3meno meteorol\u00f3gico provocar\u00e1 nevadas y tormentas invernales en diversas regiones durante los pr\u00f3ximos d\u00edas.<\/p>\n<p style=\"text-align: justify;\">De acuerdo con el pron\u00f3stico, las temperaturas m\u00e1s bajas se registrar\u00e1n en el medio oeste, donde podr\u00edan caer por debajo de los -23\u00b0C (-10\u00b0F), niveles que igualar\u00edan o superar\u00edan r\u00e9cords diarios.<\/p>\n<p style=\"text-align: justify;\">Se estima que entre 80 y 220 millones de personas, distribuidas en m\u00e1s de 30 estados, experimentar\u00e1n temperaturas m\u00ednimas inusuales para esta \u00e9poca del a\u00f1o.<\/p>\n<p style=\"text-align: justify;\">El NWS prev\u00e9 clima invernal en \u00e1reas como las Monta\u00f1as Rocosas, las Altas Planicies, el Pac\u00edfico Noroeste y los Grandes Lagos.<\/p>\n<p style=\"text-align: justify;\">Las autoridades alertaron sobre los riesgos de hipotermia y congelaci\u00f3n, recomendando a la poblaci\u00f3n limitar su tiempo al aire libre y abrigarse adecuadamente.<\/p>\n<p style=\"text-align: justify;\">Mientras tanto, el sureste del pa\u00eds enfrentar\u00e1 un patr\u00f3n de precipitaciones que podr\u00eda incluir tormentas e inundaciones repentinas.<\/p>\n<p style=\"text-align: justify;\">Una excepci\u00f3n a la ola de fr\u00edo ser\u00e1 el estado de Florida, donde se pronostican temperaturas por encima del promedio, superiores a 26\u00b0C (80\u00b0F), con clima seco.<\/p>\n","protected":false},"excerpt":{"rendered":"<p>EEUU.- El Servicio Meteorol\u00f3gico Nacional (NWS) de Estados Unidos alert\u00f3 sobre una ola de fr\u00edo \u00e1rtico que afectar\u00e1 el centro y el este del pa\u00eds, con temperaturas que podr\u00edan alcanzar niveles r\u00e9cord, incluso inferiores a -17 grados cent\u00edgrados (0\u00b0F). El fen\u00f3meno meteorol\u00f3gico provocar\u00e1 nevadas y tormentas invernales en diversas regiones durante los pr\u00f3ximos d\u00edas. De acuerdo con el pron\u00f3stico, las temperaturas m\u00e1s bajas se registrar\u00e1n en el medio oeste, donde podr\u00edan caer por debajo de los -23\u00b0C (-10\u00b0F), niveles que igualar\u00edan o superar\u00edan r\u00e9cords diarios. Se estima que entre 80 y 220 millones de personas, distribuidas en m\u00e1s de 30 [&hellip;]<\/p>\n","protected":false},"author":2,"featured_media":186865,"comment_status":"closed","ping_status":"closed","sticky":false,"template":"","format":"standard","meta":{"_monsterinsights_skip_tracking":false,"_monsterinsights_sitenote_active":false,"_monsterinsights_sitenote_note":"","_monsterinsights_sitenote_category":0,"footnotes":""},"categories":[44],"tags":[],"class_list":["post-186864","post","type-post","status-publish","format-standard","has-post-thumbnail","hentry","category-internacional","post--single"],"_links":{"self":[{"href":"https:\/\/canal7slp.tv\/2026\/wp-json\/wp\/v2\/posts\/186864","targetHints":{"allow":["GET"]}}],"collection":[{"href":"https:\/\/canal7slp.tv\/2026\/wp-json\/wp\/v2\/posts"}],"about":[{"href":"https:\/\/canal7slp.tv\/2026\/wp-json\/wp\/v2\/types\/post"}],"author":[{"embeddable":true,"href":"https:\/\/canal7slp.tv\/2026\/wp-json\/wp\/v2\/users\/2"}],"replies":[{"embeddable":true,"href":"https:\/\/canal7slp.tv\/2026\/wp-json\/wp\/v2\/comments?post=186864"}],"version-history":[{"count":1,"href":"https:\/\/canal7slp.tv\/2026\/wp-json\/wp\/v2\/posts\/186864\/revisions"}],"predecessor-version":[{"id":186866,"href":"https:\/\/canal7slp.tv\/2026\/wp-json\/wp\/v2\/posts\/186864\/revisions\/186866"}],"wp:featuredmedia":[{"embeddable":true,"href":"https:\/\/canal7slp.tv\/2026\/wp-json\/wp\/v2\/media\/186865"}],"wp:attachment":[{"href":"https:\/\/canal7slp.tv\/2026\/wp-json\/wp\/v2\/media?parent=186864"}],"wp:term":[{"taxonomy":"category","embeddable":true,"href":"https:\/\/canal7slp.tv\/2026\/wp-json\/wp\/v2\/categories?post=186864"},{"taxonomy":"post_tag","embeddable":true,"href":"https:\/\/canal7slp.tv\/2026\/wp-json\/wp\/v2\/tags?post=186864"}],"curies":[{"name":"wp","href":"https:\/\/api.w.org\/{rel}","templated":true}]}}