{"id":186810,"date":"2025-12-03T14:11:52","date_gmt":"2025-12-03T20:11:52","guid":{"rendered":"https:\/\/canal7slp.tv\/2026\/?p=186810"},"modified":"2025-12-03T14:12:44","modified_gmt":"2025-12-03T20:12:44","slug":"pese-a-alertas-y-publicaciones-traslado-de-avioneta-en-autopista-no-es-accidente-sino-parte-de-evento-cientifico","status":"publish","type":"post","link":"https:\/\/canal7slp.tv\/2026\/pese-a-alertas-y-publicaciones-traslado-de-avioneta-en-autopista-no-es-accidente-sino-parte-de-evento-cientifico\/","title":{"rendered":"Pese a alertas y publicaciones, traslado de avioneta en autopista no es accidente, sino parte de evento cient\u00edfico"},"content":{"rendered":"<p style=\"text-align: justify;\">Xochitepec.- El traslado terrestre de una avioneta por la autopista Cuernavaca-Acapulco, a la altura de Xochitepec en Morelos, gener\u00f3 sorpresa entre los automovilistas y congestionamiento vial este mi\u00e9rcoles.<\/p>\n<p style=\"text-align: justify;\">El convoy, escoltado por elementos de la Guardia Nacional, requiri\u00f3 el cierre temporal de ambos carriles de la vialidad.<\/p>\n<div style=\"width: 848px;\" class=\"wp-video\"><video class=\"wp-video-shortcode\" id=\"video-186810-1\" width=\"848\" height=\"478\" preload=\"metadata\" controls=\"controls\"><source type=\"video\/mp4\" src=\"https:\/\/canal7slp.tv\/2026\/wp-content\/uploads\/2025\/12\/C1_Video.mp4?_=1\" \/><a href=\"https:\/\/canal7slp.tv\/2026\/wp-content\/uploads\/2025\/12\/C1_Video.mp4\">https:\/\/canal7slp.tv\/2026\/wp-content\/uploads\/2025\/12\/C1_Video.mp4<\/a><\/video><\/div>\n<p style=\"text-align: justify;\">Autoridades de Protecci\u00f3n Civil del estado de Morelos aclararon que la maniobra forma parte de la log\u00edstica para el Foro de Ciencia, Tecnolog\u00eda y Sociedad, que se llevar\u00e1 a cabo los d\u00edas 4 y 5 de diciembre en el Centro de Convenciones Morelos.<\/p>\n<p style=\"text-align: justify;\">La aeronave ser\u00e1 exhibida como parte de las actividades del evento.<\/p>\n<p style=\"text-align: justify;\">Las im\u00e1genes del inusual traslado circularon en redes sociales, donde inicialmente se generaron especulaciones.<\/p>\n<p style=\"text-align: justify;\">Las autoridades emitieron el comunicado para precisar la naturaleza del operativo y evitar confusiones.<\/p>\n<p style=\"text-align: justify;\">Se recomend\u00f3 a los conductores circular con precauci\u00f3n en la zona y considerar rutas alternas debido a los posibles retrasos.<\/p>\n","protected":false},"excerpt":{"rendered":"<p>Xochitepec.- El traslado terrestre de una avioneta por la autopista Cuernavaca-Acapulco, a la altura de Xochitepec en Morelos, gener\u00f3 sorpresa entre los automovilistas y congestionamiento vial este mi\u00e9rcoles. El convoy, escoltado por elementos de la Guardia Nacional, requiri\u00f3 el cierre temporal de ambos carriles de la vialidad. Autoridades de Protecci\u00f3n Civil del estado de Morelos aclararon que la maniobra forma parte de la log\u00edstica para el Foro de Ciencia, Tecnolog\u00eda y Sociedad, que se llevar\u00e1 a cabo los d\u00edas 4 y 5 de diciembre en el Centro de Convenciones Morelos. La aeronave ser\u00e1 exhibida como parte de las actividades del [&hellip;]<\/p>\n","protected":false},"author":2,"featured_media":186811,"comment_status":"closed","ping_status":"closed","sticky":false,"template":"","format":"standard","meta":{"_monsterinsights_skip_tracking":false,"_monsterinsights_sitenote_active":false,"_monsterinsights_sitenote_note":"","_monsterinsights_sitenote_category":0,"footnotes":""},"categories":[46],"tags":[],"class_list":["post-186810","post","type-post","status-publish","format-standard","has-post-thumbnail","hentry","category-nacional","post--single"],"_links":{"self":[{"href":"https:\/\/canal7slp.tv\/2026\/wp-json\/wp\/v2\/posts\/186810","targetHints":{"allow":["GET"]}}],"collection":[{"href":"https:\/\/canal7slp.tv\/2026\/wp-json\/wp\/v2\/posts"}],"about":[{"href":"https:\/\/canal7slp.tv\/2026\/wp-json\/wp\/v2\/types\/post"}],"author":[{"embeddable":true,"href":"https:\/\/canal7slp.tv\/2026\/wp-json\/wp\/v2\/users\/2"}],"replies":[{"embeddable":true,"href":"https:\/\/canal7slp.tv\/2026\/wp-json\/wp\/v2\/comments?post=186810"}],"version-history":[{"count":3,"href":"https:\/\/canal7slp.tv\/2026\/wp-json\/wp\/v2\/posts\/186810\/revisions"}],"predecessor-version":[{"id":186815,"href":"https:\/\/canal7slp.tv\/2026\/wp-json\/wp\/v2\/posts\/186810\/revisions\/186815"}],"wp:featuredmedia":[{"embeddable":true,"href":"https:\/\/canal7slp.tv\/2026\/wp-json\/wp\/v2\/media\/186811"}],"wp:attachment":[{"href":"https:\/\/canal7slp.tv\/2026\/wp-json\/wp\/v2\/media?parent=186810"}],"wp:term":[{"taxonomy":"category","embeddable":true,"href":"https:\/\/canal7slp.tv\/2026\/wp-json\/wp\/v2\/categories?post=186810"},{"taxonomy":"post_tag","embeddable":true,"href":"https:\/\/canal7slp.tv\/2026\/wp-json\/wp\/v2\/tags?post=186810"}],"curies":[{"name":"wp","href":"https:\/\/api.w.org\/{rel}","templated":true}]}}