{"id":186713,"date":"2025-12-02T14:45:26","date_gmt":"2025-12-02T20:45:26","guid":{"rendered":"https:\/\/canal7slp.tv\/2026\/?p=186713"},"modified":"2025-12-02T14:45:26","modified_gmt":"2025-12-02T20:45:26","slug":"empresarios-piden-transicion-ordenada-para-reducir-la-jornada-laboral-a-40-horas","status":"publish","type":"post","link":"https:\/\/canal7slp.tv\/2026\/empresarios-piden-transicion-ordenada-para-reducir-la-jornada-laboral-a-40-horas\/","title":{"rendered":"Empresarios piden \u201ctransici\u00f3n ordenada\u201d para reducir la jornada laboral a 40 horas"},"content":{"rendered":"<p style=\"text-align: justify;\">M\u00e9xico.- Representantes del sector empresarial expresaron su postura frente a la propuesta para reducir la jornada laboral semanal de 48 a 40 horas, se\u00f1alando que cualquier modificaci\u00f3n debe aplicarse de forma gradual y con una transici\u00f3n ordenada que tome en cuenta el impacto real en las empresas.<\/p>\n<p style=\"text-align: justify;\">Tanto la Confederaci\u00f3n de C\u00e1maras Nacionales de Comercio, Servicios y Turismo como la Asociaci\u00f3n Nacional de Empresas Familiares destacaron la importancia de establecer certeza jur\u00eddica y reglas claras, al advertir que las peque\u00f1as y medianas empresas, as\u00ed como los negocios familiares, constituyen un pilar esencial del empleo formal en el pa\u00eds.<\/p>\n<p style=\"text-align: justify;\">El presidente de la Concanaco-Servytur, Octavio de la Torre, reconoci\u00f3 que mejorar las condiciones laborales es un objetivo leg\u00edtimo, pero insisti\u00f3 en que la discusi\u00f3n debe incorporar una visi\u00f3n integral que permita mantener la productividad y la sostenibilidad del sector.<\/p>\n<p style=\"text-align: justify;\">El organismo inform\u00f3 que particip\u00f3 en la consulta convocada por el gobierno federal, donde present\u00f3 un documento con observaciones y una propuesta de nueve puntos para avanzar hacia una implementaci\u00f3n responsable, resultado del di\u00e1logo con distintos actores empresariales.<\/p>\n","protected":false},"excerpt":{"rendered":"<p>M\u00e9xico.- Representantes del sector empresarial expresaron su postura frente a la propuesta para reducir la jornada laboral semanal de 48 a 40 horas, se\u00f1alando que cualquier modificaci\u00f3n debe aplicarse de forma gradual y con una transici\u00f3n ordenada que tome en cuenta el impacto real en las empresas. Tanto la Confederaci\u00f3n de C\u00e1maras Nacionales de Comercio, Servicios y Turismo como la Asociaci\u00f3n Nacional de Empresas Familiares destacaron la importancia de establecer certeza jur\u00eddica y reglas claras, al advertir que las peque\u00f1as y medianas empresas, as\u00ed como los negocios familiares, constituyen un pilar esencial del empleo formal en el pa\u00eds. El presidente [&hellip;]<\/p>\n","protected":false},"author":2,"featured_media":186714,"comment_status":"closed","ping_status":"closed","sticky":false,"template":"","format":"standard","meta":{"_monsterinsights_skip_tracking":false,"_monsterinsights_sitenote_active":false,"_monsterinsights_sitenote_note":"","_monsterinsights_sitenote_category":0,"footnotes":""},"categories":[40,46],"tags":[],"class_list":["post-186713","post","type-post","status-publish","format-standard","has-post-thumbnail","hentry","category-economia","category-nacional","post--single"],"_links":{"self":[{"href":"https:\/\/canal7slp.tv\/2026\/wp-json\/wp\/v2\/posts\/186713","targetHints":{"allow":["GET"]}}],"collection":[{"href":"https:\/\/canal7slp.tv\/2026\/wp-json\/wp\/v2\/posts"}],"about":[{"href":"https:\/\/canal7slp.tv\/2026\/wp-json\/wp\/v2\/types\/post"}],"author":[{"embeddable":true,"href":"https:\/\/canal7slp.tv\/2026\/wp-json\/wp\/v2\/users\/2"}],"replies":[{"embeddable":true,"href":"https:\/\/canal7slp.tv\/2026\/wp-json\/wp\/v2\/comments?post=186713"}],"version-history":[{"count":1,"href":"https:\/\/canal7slp.tv\/2026\/wp-json\/wp\/v2\/posts\/186713\/revisions"}],"predecessor-version":[{"id":186715,"href":"https:\/\/canal7slp.tv\/2026\/wp-json\/wp\/v2\/posts\/186713\/revisions\/186715"}],"wp:featuredmedia":[{"embeddable":true,"href":"https:\/\/canal7slp.tv\/2026\/wp-json\/wp\/v2\/media\/186714"}],"wp:attachment":[{"href":"https:\/\/canal7slp.tv\/2026\/wp-json\/wp\/v2\/media?parent=186713"}],"wp:term":[{"taxonomy":"category","embeddable":true,"href":"https:\/\/canal7slp.tv\/2026\/wp-json\/wp\/v2\/categories?post=186713"},{"taxonomy":"post_tag","embeddable":true,"href":"https:\/\/canal7slp.tv\/2026\/wp-json\/wp\/v2\/tags?post=186713"}],"curies":[{"name":"wp","href":"https:\/\/api.w.org\/{rel}","templated":true}]}}