{"id":186710,"date":"2025-12-02T14:31:46","date_gmt":"2025-12-02T20:31:46","guid":{"rendered":"https:\/\/canal7slp.tv\/2026\/?p=186710"},"modified":"2025-12-02T14:31:46","modified_gmt":"2025-12-02T20:31:46","slug":"ue-actualiza-su-sistema-de-preferencias-generalizadas-para-incluir-condiciones-de-readmision-migratoria","status":"publish","type":"post","link":"https:\/\/canal7slp.tv\/2026\/ue-actualiza-su-sistema-de-preferencias-generalizadas-para-incluir-condiciones-de-readmision-migratoria\/","title":{"rendered":"UE actualiza su sistema de preferencias generalizadas para incluir condiciones de readmisi\u00f3n migratoria"},"content":{"rendered":"<p style=\"text-align: justify;\">Bruselas.- La Uni\u00f3n Europea alcanz\u00f3 un acuerdo pol\u00edtico para actualizar su Sistema de Preferencias Generalizadas, el mecanismo que otorga ventajas arancelarias a pa\u00edses en desarrollo con mayor vulnerabilidad econ\u00f3mica.<\/p>\n<p style=\"text-align: justify;\">La reforma introduce un cambio significativo: la posibilidad de retirar estos beneficios a los pa\u00edses que no colaboren en la readmisi\u00f3n de sus ciudadanos en situaci\u00f3n migratoria irregular dentro del territorio comunitario.<\/p>\n<p style=\"text-align: justify;\">El entendimiento, logrado entre el Consejo de la UE y el Parlamento Europeo, prev\u00e9 que la Comisi\u00f3n Europea supervise el cumplimiento de estas obligaciones y pueda iniciar procedimientos en caso de incumplimiento, notificando a las instituciones comunitarias para mantener la transparencia del proceso.<\/p>\n<p style=\"text-align: justify;\">El nuevo marco est\u00e1 previsto para entrar en vigor el 1 de enero de 2027, una vez que concluya su aprobaci\u00f3n formal.<\/p>\n<p style=\"text-align: justify;\">La actualizaci\u00f3n tambi\u00e9n incorpora un procedimiento de urgencia para suspender ventajas arancelarias ante violaciones graves de convenios internacionales en materia de derechos humanos, laborales, medioambientales o de gobernanza.<\/p>\n<p style=\"text-align: justify;\">Adem\u00e1s, se reduce del 57% al 47% el umbral de cuota de importaciones a partir del cual un pa\u00eds puede perder preferencias en sectores espec\u00edficos, con el objetivo de enfocar los beneficios en productos con menor competitividad.<\/p>\n<p style=\"text-align: justify;\">El acuerdo contempla mecanismos de salvaguardia para proteger a productores europeos frente a incrementos abruptos en importaciones sensibles, como arroz, textiles o etanol, y establece opciones para que pa\u00edses que dejen de ser considerados menos desarrollados puedan acceder al esquema SPG+ si se comprometen con est\u00e1ndares estrictos de sostenibilidad.<\/p>\n<p style=\"text-align: justify;\">El SPG contin\u00faa siendo el principal instrumento de comercio preferencial de la Uni\u00f3n Europea, del cual se benefician m\u00e1s de 60 pa\u00edses en desarrollo.<\/p>\n","protected":false},"excerpt":{"rendered":"<p>Bruselas.- La Uni\u00f3n Europea alcanz\u00f3 un acuerdo pol\u00edtico para actualizar su Sistema de Preferencias Generalizadas, el mecanismo que otorga ventajas arancelarias a pa\u00edses en desarrollo con mayor vulnerabilidad econ\u00f3mica. La reforma introduce un cambio significativo: la posibilidad de retirar estos beneficios a los pa\u00edses que no colaboren en la readmisi\u00f3n de sus ciudadanos en situaci\u00f3n migratoria irregular dentro del territorio comunitario. El entendimiento, logrado entre el Consejo de la UE y el Parlamento Europeo, prev\u00e9 que la Comisi\u00f3n Europea supervise el cumplimiento de estas obligaciones y pueda iniciar procedimientos en caso de incumplimiento, notificando a las instituciones comunitarias para mantener [&hellip;]<\/p>\n","protected":false},"author":2,"featured_media":186711,"comment_status":"closed","ping_status":"closed","sticky":false,"template":"","format":"standard","meta":{"_monsterinsights_skip_tracking":false,"_monsterinsights_sitenote_active":false,"_monsterinsights_sitenote_note":"","_monsterinsights_sitenote_category":0,"footnotes":""},"categories":[44],"tags":[],"class_list":["post-186710","post","type-post","status-publish","format-standard","has-post-thumbnail","hentry","category-internacional","post--single"],"_links":{"self":[{"href":"https:\/\/canal7slp.tv\/2026\/wp-json\/wp\/v2\/posts\/186710","targetHints":{"allow":["GET"]}}],"collection":[{"href":"https:\/\/canal7slp.tv\/2026\/wp-json\/wp\/v2\/posts"}],"about":[{"href":"https:\/\/canal7slp.tv\/2026\/wp-json\/wp\/v2\/types\/post"}],"author":[{"embeddable":true,"href":"https:\/\/canal7slp.tv\/2026\/wp-json\/wp\/v2\/users\/2"}],"replies":[{"embeddable":true,"href":"https:\/\/canal7slp.tv\/2026\/wp-json\/wp\/v2\/comments?post=186710"}],"version-history":[{"count":1,"href":"https:\/\/canal7slp.tv\/2026\/wp-json\/wp\/v2\/posts\/186710\/revisions"}],"predecessor-version":[{"id":186712,"href":"https:\/\/canal7slp.tv\/2026\/wp-json\/wp\/v2\/posts\/186710\/revisions\/186712"}],"wp:featuredmedia":[{"embeddable":true,"href":"https:\/\/canal7slp.tv\/2026\/wp-json\/wp\/v2\/media\/186711"}],"wp:attachment":[{"href":"https:\/\/canal7slp.tv\/2026\/wp-json\/wp\/v2\/media?parent=186710"}],"wp:term":[{"taxonomy":"category","embeddable":true,"href":"https:\/\/canal7slp.tv\/2026\/wp-json\/wp\/v2\/categories?post=186710"},{"taxonomy":"post_tag","embeddable":true,"href":"https:\/\/canal7slp.tv\/2026\/wp-json\/wp\/v2\/tags?post=186710"}],"curies":[{"name":"wp","href":"https:\/\/api.w.org\/{rel}","templated":true}]}}