{"id":186634,"date":"2025-12-01T14:27:13","date_gmt":"2025-12-01T20:27:13","guid":{"rendered":"https:\/\/canal7slp.tv\/2026\/?p=186634"},"modified":"2025-12-01T14:27:13","modified_gmt":"2025-12-01T20:27:13","slug":"43-personas-se-registran-como-aspirantes-a-titular-de-la-fgr","status":"publish","type":"post","link":"https:\/\/canal7slp.tv\/2026\/43-personas-se-registran-como-aspirantes-a-titular-de-la-fgr\/","title":{"rendered":"43 personas se registran como aspirantes a titular de la FGR"},"content":{"rendered":"<p style=\"text-align: justify;\">M\u00e9xico.- Un total de 43 personas se registraron como aspirantes a encabezar la Fiscal\u00eda General de la Rep\u00fablica, tras la renuncia de Alejandro Gertz Manero. Entre ellas figura Ernestina Godoy Ramos, actual encargada de despacho de la instituci\u00f3n.<\/p>\n<p style=\"text-align: justify;\">Seg\u00fan la convocatoria emitida por el Senado, \u00fanicamente seis mujeres, incluida Godoy Ramos, cumplieron con los requisitos para participar.<\/p>\n<p style=\"text-align: justify;\">En la lista tambi\u00e9n destacan el exadministrador general de Aduanas, Ricardo Peralta Saucedo, y el exdiputado federal Hamlet Garc\u00eda Almaguer.<\/p>\n<p style=\"text-align: justify;\">El proceso contin\u00faa ahora con la Junta de Coordinaci\u00f3n Pol\u00edtica del Senado, que deber\u00e1 seleccionar al menos diez candidaturas de entre los 43 registros.<\/p>\n<p style=\"text-align: justify;\">Esa preselecci\u00f3n ser\u00e1 enviada a la presidenta Claudia Sheinbaum, quien definir\u00e1 una terna. Finalmente, el pleno del Senado votar\u00e1 para designar a la persona que ocupar\u00e1 la titularidad de la FGR.<\/p>\n","protected":false},"excerpt":{"rendered":"<p>M\u00e9xico.- Un total de 43 personas se registraron como aspirantes a encabezar la Fiscal\u00eda General de la Rep\u00fablica, tras la renuncia de Alejandro Gertz Manero. Entre ellas figura Ernestina Godoy Ramos, actual encargada de despacho de la instituci\u00f3n. Seg\u00fan la convocatoria emitida por el Senado, \u00fanicamente seis mujeres, incluida Godoy Ramos, cumplieron con los requisitos para participar. En la lista tambi\u00e9n destacan el exadministrador general de Aduanas, Ricardo Peralta Saucedo, y el exdiputado federal Hamlet Garc\u00eda Almaguer. El proceso contin\u00faa ahora con la Junta de Coordinaci\u00f3n Pol\u00edtica del Senado, que deber\u00e1 seleccionar al menos diez candidaturas de entre los 43 [&hellip;]<\/p>\n","protected":false},"author":2,"featured_media":186635,"comment_status":"closed","ping_status":"closed","sticky":false,"template":"","format":"standard","meta":{"_monsterinsights_skip_tracking":false,"_monsterinsights_sitenote_active":false,"_monsterinsights_sitenote_note":"","_monsterinsights_sitenote_category":0,"footnotes":""},"categories":[46],"tags":[],"class_list":["post-186634","post","type-post","status-publish","format-standard","has-post-thumbnail","hentry","category-nacional","post--single"],"_links":{"self":[{"href":"https:\/\/canal7slp.tv\/2026\/wp-json\/wp\/v2\/posts\/186634","targetHints":{"allow":["GET"]}}],"collection":[{"href":"https:\/\/canal7slp.tv\/2026\/wp-json\/wp\/v2\/posts"}],"about":[{"href":"https:\/\/canal7slp.tv\/2026\/wp-json\/wp\/v2\/types\/post"}],"author":[{"embeddable":true,"href":"https:\/\/canal7slp.tv\/2026\/wp-json\/wp\/v2\/users\/2"}],"replies":[{"embeddable":true,"href":"https:\/\/canal7slp.tv\/2026\/wp-json\/wp\/v2\/comments?post=186634"}],"version-history":[{"count":1,"href":"https:\/\/canal7slp.tv\/2026\/wp-json\/wp\/v2\/posts\/186634\/revisions"}],"predecessor-version":[{"id":186636,"href":"https:\/\/canal7slp.tv\/2026\/wp-json\/wp\/v2\/posts\/186634\/revisions\/186636"}],"wp:featuredmedia":[{"embeddable":true,"href":"https:\/\/canal7slp.tv\/2026\/wp-json\/wp\/v2\/media\/186635"}],"wp:attachment":[{"href":"https:\/\/canal7slp.tv\/2026\/wp-json\/wp\/v2\/media?parent=186634"}],"wp:term":[{"taxonomy":"category","embeddable":true,"href":"https:\/\/canal7slp.tv\/2026\/wp-json\/wp\/v2\/categories?post=186634"},{"taxonomy":"post_tag","embeddable":true,"href":"https:\/\/canal7slp.tv\/2026\/wp-json\/wp\/v2\/tags?post=186634"}],"curies":[{"name":"wp","href":"https:\/\/api.w.org\/{rel}","templated":true}]}}