{"id":186621,"date":"2025-12-01T13:45:18","date_gmt":"2025-12-01T19:45:18","guid":{"rendered":"https:\/\/canal7slp.tv\/2026\/?p=186621"},"modified":"2025-12-01T13:45:18","modified_gmt":"2025-12-01T19:45:18","slug":"caen-integrantes-de-los-erre-por-el-asesinato-del-alcalde-de-uruapan-sspc","status":"publish","type":"post","link":"https:\/\/canal7slp.tv\/2026\/caen-integrantes-de-los-erre-por-el-asesinato-del-alcalde-de-uruapan-sspc\/","title":{"rendered":"Caen integrantes de \u201cLos Erre\u201d por el asesinato del alcalde de Uruapan: SSPC"},"content":{"rendered":"<p style=\"text-align: justify;\">M\u00e9xico.- El titular de la Secretar\u00eda de Seguridad y Protecci\u00f3n Ciudadana, Omar Garc\u00eda Harfuch, inform\u00f3 que el grupo delictivo \u201cLos Erre\u201d, vinculado al C\u00e1rtel Jalisco Nueva Generaci\u00f3n (CJNG), est\u00e1 directamente relacionado con el asesinato del alcalde de Uruapan, Carlos Manzo.<\/p>\n<p style=\"text-align: justify;\">Durante una conferencia de prensa, se\u00f1al\u00f3 que fue detenido Jorge Armando \u201cN\u201d, alias El Licenciado, identificado como presunto autor intelectual del crimen y quien habr\u00eda coordinado a la c\u00e9lula criminal mediante una aplicaci\u00f3n de mensajer\u00eda cifrada.<\/p>\n<p style=\"text-align: justify;\">El detenido ya fue vinculado a proceso y permanece en el penal de m\u00e1xima seguridad El Altiplano.<\/p>\n<p style=\"text-align: justify;\">Tambi\u00e9n se anunci\u00f3 la captura de siete polic\u00edas municipales que trabajaban como escoltas del edil, as\u00ed como de Jaciel Antonio \u201cN\u201d, acusado de reclutar personas en centros de rehabilitaci\u00f3n para integrarlas a estructuras delictivas.<\/p>\n","protected":false},"excerpt":{"rendered":"<p>M\u00e9xico.- El titular de la Secretar\u00eda de Seguridad y Protecci\u00f3n Ciudadana, Omar Garc\u00eda Harfuch, inform\u00f3 que el grupo delictivo \u201cLos Erre\u201d, vinculado al C\u00e1rtel Jalisco Nueva Generaci\u00f3n (CJNG), est\u00e1 directamente relacionado con el asesinato del alcalde de Uruapan, Carlos Manzo. Durante una conferencia de prensa, se\u00f1al\u00f3 que fue detenido Jorge Armando \u201cN\u201d, alias El Licenciado, identificado como presunto autor intelectual del crimen y quien habr\u00eda coordinado a la c\u00e9lula criminal mediante una aplicaci\u00f3n de mensajer\u00eda cifrada. El detenido ya fue vinculado a proceso y permanece en el penal de m\u00e1xima seguridad El Altiplano. Tambi\u00e9n se anunci\u00f3 la captura de siete [&hellip;]<\/p>\n","protected":false},"author":2,"featured_media":186622,"comment_status":"closed","ping_status":"closed","sticky":false,"template":"","format":"standard","meta":{"_monsterinsights_skip_tracking":false,"_monsterinsights_sitenote_active":false,"_monsterinsights_sitenote_note":"","_monsterinsights_sitenote_category":0,"footnotes":""},"categories":[46],"tags":[],"class_list":["post-186621","post","type-post","status-publish","format-standard","has-post-thumbnail","hentry","category-nacional","post--single"],"_links":{"self":[{"href":"https:\/\/canal7slp.tv\/2026\/wp-json\/wp\/v2\/posts\/186621","targetHints":{"allow":["GET"]}}],"collection":[{"href":"https:\/\/canal7slp.tv\/2026\/wp-json\/wp\/v2\/posts"}],"about":[{"href":"https:\/\/canal7slp.tv\/2026\/wp-json\/wp\/v2\/types\/post"}],"author":[{"embeddable":true,"href":"https:\/\/canal7slp.tv\/2026\/wp-json\/wp\/v2\/users\/2"}],"replies":[{"embeddable":true,"href":"https:\/\/canal7slp.tv\/2026\/wp-json\/wp\/v2\/comments?post=186621"}],"version-history":[{"count":1,"href":"https:\/\/canal7slp.tv\/2026\/wp-json\/wp\/v2\/posts\/186621\/revisions"}],"predecessor-version":[{"id":186623,"href":"https:\/\/canal7slp.tv\/2026\/wp-json\/wp\/v2\/posts\/186621\/revisions\/186623"}],"wp:featuredmedia":[{"embeddable":true,"href":"https:\/\/canal7slp.tv\/2026\/wp-json\/wp\/v2\/media\/186622"}],"wp:attachment":[{"href":"https:\/\/canal7slp.tv\/2026\/wp-json\/wp\/v2\/media?parent=186621"}],"wp:term":[{"taxonomy":"category","embeddable":true,"href":"https:\/\/canal7slp.tv\/2026\/wp-json\/wp\/v2\/categories?post=186621"},{"taxonomy":"post_tag","embeddable":true,"href":"https:\/\/canal7slp.tv\/2026\/wp-json\/wp\/v2\/tags?post=186621"}],"curies":[{"name":"wp","href":"https:\/\/api.w.org\/{rel}","templated":true}]}}