{"id":186602,"date":"2025-12-01T09:29:50","date_gmt":"2025-12-01T15:29:50","guid":{"rendered":"https:\/\/canal7slp.tv\/2026\/?p=186602"},"modified":"2025-12-01T09:29:50","modified_gmt":"2025-12-01T15:29:50","slug":"agente-estatal-aparentemente-captado-al-pedir-para-el-refresco","status":"publish","type":"post","link":"https:\/\/canal7slp.tv\/2026\/agente-estatal-aparentemente-captado-al-pedir-para-el-refresco\/","title":{"rendered":"Agente Estatal, aparentemente captado al pedir \u00abpara el refresco\u00bb"},"content":{"rendered":"<p style=\"text-align: justify;\">SLP.- Circula en redes, video en el que aparentemente en un ret\u00e9n de agentes de Guardia Civil Estatal, se habr\u00eda captado al pedir a un conductor \u00abpara el refresco\u00bb.<\/p>\n<p style=\"text-align: justify;\">El supuesto incidente trasciende que se habr\u00eda dado en carretera Matehuala.<\/p>\n<p style=\"text-align: justify;\">Una persona en circulaci\u00f3n habr\u00eda tenido contacto con oficiales.<\/p>\n<p style=\"text-align: justify;\">En las im\u00e1genes compartidas, se escucha c\u00f3mo es solicitada documentaci\u00f3n.<\/p>\n<p style=\"text-align: justify;\">Enseguida, en el audio se advierte la p\u00e9rdida de vigencia.<\/p>\n<p style=\"text-align: justify;\">As\u00ed, se sostiene una charla sobre la licencia con la que la persona cuenta.<\/p>\n<p style=\"text-align: justify;\">Y antes de que lo difundido culmine, es escuchada una petici\u00f3n.<\/p>\n<p>Por: Paulina Rodr\u00edguez<\/p>\n","protected":false},"excerpt":{"rendered":"<p>SLP.- Circula en redes, video en el que aparentemente en un ret\u00e9n de agentes de Guardia Civil Estatal, se habr\u00eda captado al pedir a un conductor \u00abpara el refresco\u00bb. El supuesto incidente trasciende que se habr\u00eda dado en carretera Matehuala. Una persona en circulaci\u00f3n habr\u00eda tenido contacto con oficiales. En las im\u00e1genes compartidas, se escucha c\u00f3mo es solicitada documentaci\u00f3n. Enseguida, en el audio se advierte la p\u00e9rdida de vigencia. As\u00ed, se sostiene una charla sobre la licencia con la que la persona cuenta. Y antes de que lo difundido culmine, es escuchada una petici\u00f3n. Por: Paulina Rodr\u00edguez<\/p>\n","protected":false},"author":2,"featured_media":186609,"comment_status":"closed","ping_status":"closed","sticky":false,"template":"","format":"video","meta":{"_monsterinsights_skip_tracking":false,"_monsterinsights_sitenote_active":false,"_monsterinsights_sitenote_note":"","_monsterinsights_sitenote_category":0,"footnotes":""},"categories":[5,45],"tags":[],"class_list":["post-186602","post","type-post","status-publish","format-video","has-post-thumbnail","hentry","category-destacadas","category-localesyregionales","post_format-post-format-video","post--single"],"_links":{"self":[{"href":"https:\/\/canal7slp.tv\/2026\/wp-json\/wp\/v2\/posts\/186602","targetHints":{"allow":["GET"]}}],"collection":[{"href":"https:\/\/canal7slp.tv\/2026\/wp-json\/wp\/v2\/posts"}],"about":[{"href":"https:\/\/canal7slp.tv\/2026\/wp-json\/wp\/v2\/types\/post"}],"author":[{"embeddable":true,"href":"https:\/\/canal7slp.tv\/2026\/wp-json\/wp\/v2\/users\/2"}],"replies":[{"embeddable":true,"href":"https:\/\/canal7slp.tv\/2026\/wp-json\/wp\/v2\/comments?post=186602"}],"version-history":[{"count":2,"href":"https:\/\/canal7slp.tv\/2026\/wp-json\/wp\/v2\/posts\/186602\/revisions"}],"predecessor-version":[{"id":186610,"href":"https:\/\/canal7slp.tv\/2026\/wp-json\/wp\/v2\/posts\/186602\/revisions\/186610"}],"wp:featuredmedia":[{"embeddable":true,"href":"https:\/\/canal7slp.tv\/2026\/wp-json\/wp\/v2\/media\/186609"}],"wp:attachment":[{"href":"https:\/\/canal7slp.tv\/2026\/wp-json\/wp\/v2\/media?parent=186602"}],"wp:term":[{"taxonomy":"category","embeddable":true,"href":"https:\/\/canal7slp.tv\/2026\/wp-json\/wp\/v2\/categories?post=186602"},{"taxonomy":"post_tag","embeddable":true,"href":"https:\/\/canal7slp.tv\/2026\/wp-json\/wp\/v2\/tags?post=186602"}],"curies":[{"name":"wp","href":"https:\/\/api.w.org\/{rel}","templated":true}]}}