{"id":186582,"date":"2025-11-30T14:02:15","date_gmt":"2025-11-30T20:02:15","guid":{"rendered":"https:\/\/canal7slp.tv\/2026\/?p=186582"},"modified":"2025-11-30T14:02:15","modified_gmt":"2025-11-30T20:02:15","slug":"eucaristia-con-motivo-del-dia-internacional-de-las-personas-con-discapacidad","status":"publish","type":"post","link":"https:\/\/canal7slp.tv\/2026\/eucaristia-con-motivo-del-dia-internacional-de-las-personas-con-discapacidad\/","title":{"rendered":"Eucarist\u00eda, con motivo del D\u00eda Internacional de las Personas con Discapacidad"},"content":{"rendered":"<p style=\"text-align: justify;\">SLP.- Una misa para conmemorar el D\u00eda de las Personas con Discapacidad se realiz\u00f3 en el templo de nuestra se\u00f1ora de los Remedios ubicada en el Barrio de Tequisquiapan de la ciudad de San Luis Potos\u00ed.<\/p>\n<p style=\"text-align: justify;\">Personas de diversas condiciones se dieron cita en uno de los templos con modificaciones razonables de la capital y escucharon atentas el mensaje durante la celebraci\u00f3n.<\/p>\n<p style=\"text-align: justify;\">El padre Jorge Aguilar Mart\u00ednez, habl\u00f3 sobre la trascendencia del acto cat\u00f3lico.<\/p>\n<p style=\"text-align: justify;\">\u201cEs un aspecto bien importante y bien interesante convivir con esas personitas tan especiales que es un tesoro como le dec\u00eda a la familia, un tesoro que tienen ellos en sus casas, atendiendo a Cristo necesitado, a Cristo sufriente\u201d.<\/p>\n<p style=\"text-align: justify;\">Se\u00f1al\u00f3 que es necesario para toda persona estar en contacto con sus necesidades espirituales.<\/p>\n<p style=\"text-align: justify;\">\u201cLa iglesia es sensible a esas necesidades y obviamente buscamos siempre estar al pendiente de ellos en sus aspectos espirituales\u201d.<\/p>\n<p style=\"text-align: justify;\">Al t\u00e9rmino de la misa, las personas se reunieron en el jard\u00edn de tequis para realizar una marcha en el marco del D\u00eda Internacional de las Personas con Discapacidad que tiene su fecha exacta en el d\u00eda 3 de diciembre.<\/p>\n<p>Por: Juan Carlos Contreras<\/p>\n","protected":false},"excerpt":{"rendered":"<p>SLP.- Una misa para conmemorar el D\u00eda de las Personas con Discapacidad se realiz\u00f3 en el templo de nuestra se\u00f1ora de los Remedios ubicada en el Barrio de Tequisquiapan de la ciudad de San Luis Potos\u00ed. Personas de diversas condiciones se dieron cita en uno de los templos con modificaciones razonables de la capital y escucharon atentas el mensaje durante la celebraci\u00f3n. El padre Jorge Aguilar Mart\u00ednez, habl\u00f3 sobre la trascendencia del acto cat\u00f3lico. \u201cEs un aspecto bien importante y bien interesante convivir con esas personitas tan especiales que es un tesoro como le dec\u00eda a la familia, un tesoro [&hellip;]<\/p>\n","protected":false},"author":2,"featured_media":186587,"comment_status":"closed","ping_status":"closed","sticky":false,"template":"","format":"video","meta":{"_monsterinsights_skip_tracking":false,"_monsterinsights_sitenote_active":false,"_monsterinsights_sitenote_note":"","_monsterinsights_sitenote_category":0,"footnotes":""},"categories":[5,45],"tags":[],"class_list":["post-186582","post","type-post","status-publish","format-video","has-post-thumbnail","hentry","category-destacadas","category-localesyregionales","post_format-post-format-video","post--single"],"_links":{"self":[{"href":"https:\/\/canal7slp.tv\/2026\/wp-json\/wp\/v2\/posts\/186582","targetHints":{"allow":["GET"]}}],"collection":[{"href":"https:\/\/canal7slp.tv\/2026\/wp-json\/wp\/v2\/posts"}],"about":[{"href":"https:\/\/canal7slp.tv\/2026\/wp-json\/wp\/v2\/types\/post"}],"author":[{"embeddable":true,"href":"https:\/\/canal7slp.tv\/2026\/wp-json\/wp\/v2\/users\/2"}],"replies":[{"embeddable":true,"href":"https:\/\/canal7slp.tv\/2026\/wp-json\/wp\/v2\/comments?post=186582"}],"version-history":[{"count":3,"href":"https:\/\/canal7slp.tv\/2026\/wp-json\/wp\/v2\/posts\/186582\/revisions"}],"predecessor-version":[{"id":186591,"href":"https:\/\/canal7slp.tv\/2026\/wp-json\/wp\/v2\/posts\/186582\/revisions\/186591"}],"wp:featuredmedia":[{"embeddable":true,"href":"https:\/\/canal7slp.tv\/2026\/wp-json\/wp\/v2\/media\/186587"}],"wp:attachment":[{"href":"https:\/\/canal7slp.tv\/2026\/wp-json\/wp\/v2\/media?parent=186582"}],"wp:term":[{"taxonomy":"category","embeddable":true,"href":"https:\/\/canal7slp.tv\/2026\/wp-json\/wp\/v2\/categories?post=186582"},{"taxonomy":"post_tag","embeddable":true,"href":"https:\/\/canal7slp.tv\/2026\/wp-json\/wp\/v2\/tags?post=186582"}],"curies":[{"name":"wp","href":"https:\/\/api.w.org\/{rel}","templated":true}]}}