{"id":186575,"date":"2025-11-30T13:05:48","date_gmt":"2025-11-30T19:05:48","guid":{"rendered":"https:\/\/canal7slp.tv\/2026\/?p=186575"},"modified":"2025-12-09T19:53:08","modified_gmt":"2025-12-10T01:53:08","slug":"en-documental-emma-coronel-narra-su-vida-junto-a-el-chapo","status":"publish","type":"post","link":"https:\/\/canal7slp.tv\/2026\/en-documental-emma-coronel-narra-su-vida-junto-a-el-chapo\/","title":{"rendered":"En documental, Emma Coronel narra su vida junto a \u00abEl Chapo\u00bb"},"content":{"rendered":"<p style=\"text-align: justify;\">EEUU.- Emma Coronel, esposa de Joaqu\u00edn \u201cEl Chapo\u201d Guzm\u00e1n Loera, dio su primer testimonio p\u00fablico sobre su vida junto al exl\u00edder del C\u00e1rtel de Sinaloa a trav\u00e9s del documental Casada con El Chapo: Emma Coronel habla, producido por la plataforma Oxygen.<\/p>\n<p style=\"text-align: justify;\">En la producci\u00f3n, aborda aspectos \u00edntimos de su relaci\u00f3n, los a\u00f1os marcados por la persecuci\u00f3n y el encarcelamiento del capo, y expresa, por primera vez, su pesar hacia las personas afectadas por las actividades del narcotr\u00e1fico en M\u00e9xico y Estados Unidos.<\/p>\n<p style=\"text-align: justify;\">Coronel recuerda que creci\u00f3 en una comunidad rural de Durango, donde la falta de servicios b\u00e1sicos y las limitaciones econ\u00f3micas llevaban a muchas familias a dedicarse al cultivo de marihuana como medio de subsistencia.<\/p>\n<p style=\"text-align: justify;\">En ese contexto, relata, exist\u00eda la percepci\u00f3n de que las autoridades representaban un obst\u00e1culo m\u00e1s que un apoyo.<\/p>\n<p style=\"text-align: justify;\">Seg\u00fan su narraci\u00f3n, conoci\u00f3 a Guzm\u00e1n Loera cuando ten\u00eda 17 a\u00f1os, durante un evento local en el que particip\u00f3 como candidata a un certamen de belleza.<\/p>\n<p style=\"text-align: justify;\">Al alcanzar la mayor\u00eda de edad, ambos celebraron una ceremonia simb\u00f3lica para formalizar su relaci\u00f3n.<\/p>\n<p style=\"text-align: justify;\">A lo largo del documental, Coronel asegura que nunca presenci\u00f3 actos de violencia relacionados con las actividades criminales de su esposo y sostiene que \u00e9l procuraba mantener separada su vida familiar de su operaci\u00f3n delictiva.<\/p>\n<p style=\"text-align: justify;\">Tras recuperar su libertad en septiembre de 2023, afirma estar enfocada en reconstruir su vida y en el cuidado de sus hijas. Actualmente, se dedica a proyectos personales como el modelaje y el desarrollo de su propia marca.<\/p>\n","protected":false},"excerpt":{"rendered":"<p>EEUU.- Emma Coronel, esposa de Joaqu\u00edn \u201cEl Chapo\u201d Guzm\u00e1n Loera, dio su primer testimonio p\u00fablico sobre su vida junto al exl\u00edder del C\u00e1rtel de Sinaloa a trav\u00e9s del documental Casada con El Chapo: Emma Coronel habla, producido por la plataforma Oxygen. En la producci\u00f3n, aborda aspectos \u00edntimos de su relaci\u00f3n, los a\u00f1os marcados por la persecuci\u00f3n y el encarcelamiento del capo, y expresa, por primera vez, su pesar hacia las personas afectadas por las actividades del narcotr\u00e1fico en M\u00e9xico y Estados Unidos. Coronel recuerda que creci\u00f3 en una comunidad rural de Durango, donde la falta de servicios b\u00e1sicos y las [&hellip;]<\/p>\n","protected":false},"author":2,"featured_media":186576,"comment_status":"closed","ping_status":"closed","sticky":false,"template":"","format":"standard","meta":{"_monsterinsights_skip_tracking":false,"_monsterinsights_sitenote_active":false,"_monsterinsights_sitenote_note":"","_monsterinsights_sitenote_category":0,"footnotes":""},"categories":[42],"tags":[],"class_list":["post-186575","post","type-post","status-publish","format-standard","has-post-thumbnail","hentry","category-espectaculos","post--single"],"_links":{"self":[{"href":"https:\/\/canal7slp.tv\/2026\/wp-json\/wp\/v2\/posts\/186575","targetHints":{"allow":["GET"]}}],"collection":[{"href":"https:\/\/canal7slp.tv\/2026\/wp-json\/wp\/v2\/posts"}],"about":[{"href":"https:\/\/canal7slp.tv\/2026\/wp-json\/wp\/v2\/types\/post"}],"author":[{"embeddable":true,"href":"https:\/\/canal7slp.tv\/2026\/wp-json\/wp\/v2\/users\/2"}],"replies":[{"embeddable":true,"href":"https:\/\/canal7slp.tv\/2026\/wp-json\/wp\/v2\/comments?post=186575"}],"version-history":[{"count":2,"href":"https:\/\/canal7slp.tv\/2026\/wp-json\/wp\/v2\/posts\/186575\/revisions"}],"predecessor-version":[{"id":187444,"href":"https:\/\/canal7slp.tv\/2026\/wp-json\/wp\/v2\/posts\/186575\/revisions\/187444"}],"wp:featuredmedia":[{"embeddable":true,"href":"https:\/\/canal7slp.tv\/2026\/wp-json\/wp\/v2\/media\/186576"}],"wp:attachment":[{"href":"https:\/\/canal7slp.tv\/2026\/wp-json\/wp\/v2\/media?parent=186575"}],"wp:term":[{"taxonomy":"category","embeddable":true,"href":"https:\/\/canal7slp.tv\/2026\/wp-json\/wp\/v2\/categories?post=186575"},{"taxonomy":"post_tag","embeddable":true,"href":"https:\/\/canal7slp.tv\/2026\/wp-json\/wp\/v2\/tags?post=186575"}],"curies":[{"name":"wp","href":"https:\/\/api.w.org\/{rel}","templated":true}]}}