{"id":186563,"date":"2025-11-30T10:51:42","date_gmt":"2025-11-30T16:51:42","guid":{"rendered":"https:\/\/canal7slp.tv\/2026\/?p=186563"},"modified":"2025-11-30T10:51:42","modified_gmt":"2025-11-30T16:51:42","slug":"tasa-de-desocupacion-en-mexico-se-ubico-en-2-6-durante-octubre","status":"publish","type":"post","link":"https:\/\/canal7slp.tv\/2026\/tasa-de-desocupacion-en-mexico-se-ubico-en-2-6-durante-octubre\/","title":{"rendered":"Tasa de desocupaci\u00f3n en M\u00e9xico se ubic\u00f3 en 2.6% durante octubre"},"content":{"rendered":"<p style=\"text-align: justify;\">M\u00e9xico.- La tasa de desocupaci\u00f3n en M\u00e9xico se situ\u00f3 en 2.6% de la Poblaci\u00f3n Econ\u00f3micamente Activa (PEA) durante el mes de octubre, de acuerdo con los datos publicados por el Instituto Nacional de Estad\u00edstica y Geograf\u00eda (Inegi).<\/p>\n<p style=\"text-align: justify;\">Esta cifra representa un incremento de 0.1 puntos porcentuales en comparaci\u00f3n con el mismo mes del a\u00f1o anterior, cuando el indicador fue de 2.5%. En t\u00e9rminos absolutos, la poblaci\u00f3n desocupada se ubic\u00f3 en 1.6 millones de personas.<\/p>\n<p style=\"text-align: justify;\">La Poblaci\u00f3n Econ\u00f3micamente Activa se conform\u00f3 por 62.5 millones de personas, lo que equivale a una tasa de participaci\u00f3n de 59.9%. Del total de la PEA, 60.9 millones de personas se encontraron ocupadas.<\/p>\n<p style=\"text-align: justify;\">El reporte tambi\u00e9n destaca que la poblaci\u00f3n subocupada, referida a quienes tienen la necesidad y disponibilidad de trabajar m\u00e1s horas, fue de 4.6 millones, representando el 7.5% de la poblaci\u00f3n ocupada. Este porcentaje es inferior al 9.4% registrado en octubre de 2024.<\/p>\n<p style=\"text-align: justify;\">Respecto a la distribuci\u00f3n de la poblaci\u00f3n ocupada por sector, el 44.6% se emple\u00f3 en servicios, el 19.7% en comercio, el 16.1% en manufacturas, el 10.3% en actividades agropecuarias y el 7.9% en la construcci\u00f3n.<\/p>\n<p style=\"text-align: justify;\">Por g\u00e9nero, la participaci\u00f3n en el mercado laboral fue de 46.7% para las mujeres en edad de trabajar y de 74.9% para los hombres.<\/p>\n","protected":false},"excerpt":{"rendered":"<p>M\u00e9xico.- La tasa de desocupaci\u00f3n en M\u00e9xico se situ\u00f3 en 2.6% de la Poblaci\u00f3n Econ\u00f3micamente Activa (PEA) durante el mes de octubre, de acuerdo con los datos publicados por el Instituto Nacional de Estad\u00edstica y Geograf\u00eda (Inegi). Esta cifra representa un incremento de 0.1 puntos porcentuales en comparaci\u00f3n con el mismo mes del a\u00f1o anterior, cuando el indicador fue de 2.5%. En t\u00e9rminos absolutos, la poblaci\u00f3n desocupada se ubic\u00f3 en 1.6 millones de personas. La Poblaci\u00f3n Econ\u00f3micamente Activa se conform\u00f3 por 62.5 millones de personas, lo que equivale a una tasa de participaci\u00f3n de 59.9%. Del total de la PEA, [&hellip;]<\/p>\n","protected":false},"author":2,"featured_media":186564,"comment_status":"closed","ping_status":"closed","sticky":false,"template":"","format":"standard","meta":{"_monsterinsights_skip_tracking":false,"_monsterinsights_sitenote_active":false,"_monsterinsights_sitenote_note":"","_monsterinsights_sitenote_category":0,"footnotes":""},"categories":[40,46],"tags":[],"class_list":["post-186563","post","type-post","status-publish","format-standard","has-post-thumbnail","hentry","category-economia","category-nacional","post--single"],"_links":{"self":[{"href":"https:\/\/canal7slp.tv\/2026\/wp-json\/wp\/v2\/posts\/186563","targetHints":{"allow":["GET"]}}],"collection":[{"href":"https:\/\/canal7slp.tv\/2026\/wp-json\/wp\/v2\/posts"}],"about":[{"href":"https:\/\/canal7slp.tv\/2026\/wp-json\/wp\/v2\/types\/post"}],"author":[{"embeddable":true,"href":"https:\/\/canal7slp.tv\/2026\/wp-json\/wp\/v2\/users\/2"}],"replies":[{"embeddable":true,"href":"https:\/\/canal7slp.tv\/2026\/wp-json\/wp\/v2\/comments?post=186563"}],"version-history":[{"count":1,"href":"https:\/\/canal7slp.tv\/2026\/wp-json\/wp\/v2\/posts\/186563\/revisions"}],"predecessor-version":[{"id":186565,"href":"https:\/\/canal7slp.tv\/2026\/wp-json\/wp\/v2\/posts\/186563\/revisions\/186565"}],"wp:featuredmedia":[{"embeddable":true,"href":"https:\/\/canal7slp.tv\/2026\/wp-json\/wp\/v2\/media\/186564"}],"wp:attachment":[{"href":"https:\/\/canal7slp.tv\/2026\/wp-json\/wp\/v2\/media?parent=186563"}],"wp:term":[{"taxonomy":"category","embeddable":true,"href":"https:\/\/canal7slp.tv\/2026\/wp-json\/wp\/v2\/categories?post=186563"},{"taxonomy":"post_tag","embeddable":true,"href":"https:\/\/canal7slp.tv\/2026\/wp-json\/wp\/v2\/tags?post=186563"}],"curies":[{"name":"wp","href":"https:\/\/api.w.org\/{rel}","templated":true}]}}