{"id":186541,"date":"2025-11-29T13:28:29","date_gmt":"2025-11-29T19:28:29","guid":{"rendered":"https:\/\/canal7slp.tv\/2026\/?p=186541"},"modified":"2025-11-29T13:28:29","modified_gmt":"2025-11-29T19:28:29","slug":"tiroteo-en-centro-comercial-de-california-deja-al-menos-dos-heridos","status":"publish","type":"post","link":"https:\/\/canal7slp.tv\/2026\/tiroteo-en-centro-comercial-de-california-deja-al-menos-dos-heridos\/","title":{"rendered":"Tiroteo en centro comercial de California deja al menos dos heridos"},"content":{"rendered":"<p style=\"text-align: justify;\">San Jos\u00e9.- Un tiroteo registrado este viernes en el centro comercial Valley Fair Mall, en San Jos\u00e9, California, dej\u00f3 al menos dos personas heridas durante una jornada de alta afluencia por las ofertas de Black Friday.<\/p>\n<p style=\"text-align: justify;\">Las v\u00edctimas fueron trasladadas a un hospital cercano, aunque las autoridades a\u00fan no han dado a conocer su identidad ni su estado de salud.<\/p>\n<p style=\"text-align: justify;\">El Departamento de Polic\u00eda de San Jos\u00e9 inform\u00f3 que el incidente parece tratarse de un hecho aislado y descart\u00f3 la presencia de un tirador activo.<\/p>\n<p style=\"text-align: justify;\">No obstante, como medida preventiva, el centro comercial fue evacuado y cerrado temporalmente para confirmar que no existiera una amenaza adicional.<\/p>\n<p style=\"text-align: justify;\">Hasta el momento, se desconocen los motivos del enfrentamiento y no hay informaci\u00f3n sobre la posible detenci\u00f3n o identificaci\u00f3n del responsable.<\/p>\n","protected":false},"excerpt":{"rendered":"<p>San Jos\u00e9.- Un tiroteo registrado este viernes en el centro comercial Valley Fair Mall, en San Jos\u00e9, California, dej\u00f3 al menos dos personas heridas durante una jornada de alta afluencia por las ofertas de Black Friday. Las v\u00edctimas fueron trasladadas a un hospital cercano, aunque las autoridades a\u00fan no han dado a conocer su identidad ni su estado de salud. El Departamento de Polic\u00eda de San Jos\u00e9 inform\u00f3 que el incidente parece tratarse de un hecho aislado y descart\u00f3 la presencia de un tirador activo. No obstante, como medida preventiva, el centro comercial fue evacuado y cerrado temporalmente para confirmar [&hellip;]<\/p>\n","protected":false},"author":2,"featured_media":186542,"comment_status":"closed","ping_status":"closed","sticky":false,"template":"","format":"standard","meta":{"_monsterinsights_skip_tracking":false,"_monsterinsights_sitenote_active":false,"_monsterinsights_sitenote_note":"","_monsterinsights_sitenote_category":0,"footnotes":""},"categories":[44],"tags":[],"class_list":["post-186541","post","type-post","status-publish","format-standard","has-post-thumbnail","hentry","category-internacional","post--single"],"_links":{"self":[{"href":"https:\/\/canal7slp.tv\/2026\/wp-json\/wp\/v2\/posts\/186541","targetHints":{"allow":["GET"]}}],"collection":[{"href":"https:\/\/canal7slp.tv\/2026\/wp-json\/wp\/v2\/posts"}],"about":[{"href":"https:\/\/canal7slp.tv\/2026\/wp-json\/wp\/v2\/types\/post"}],"author":[{"embeddable":true,"href":"https:\/\/canal7slp.tv\/2026\/wp-json\/wp\/v2\/users\/2"}],"replies":[{"embeddable":true,"href":"https:\/\/canal7slp.tv\/2026\/wp-json\/wp\/v2\/comments?post=186541"}],"version-history":[{"count":1,"href":"https:\/\/canal7slp.tv\/2026\/wp-json\/wp\/v2\/posts\/186541\/revisions"}],"predecessor-version":[{"id":186543,"href":"https:\/\/canal7slp.tv\/2026\/wp-json\/wp\/v2\/posts\/186541\/revisions\/186543"}],"wp:featuredmedia":[{"embeddable":true,"href":"https:\/\/canal7slp.tv\/2026\/wp-json\/wp\/v2\/media\/186542"}],"wp:attachment":[{"href":"https:\/\/canal7slp.tv\/2026\/wp-json\/wp\/v2\/media?parent=186541"}],"wp:term":[{"taxonomy":"category","embeddable":true,"href":"https:\/\/canal7slp.tv\/2026\/wp-json\/wp\/v2\/categories?post=186541"},{"taxonomy":"post_tag","embeddable":true,"href":"https:\/\/canal7slp.tv\/2026\/wp-json\/wp\/v2\/tags?post=186541"}],"curies":[{"name":"wp","href":"https:\/\/api.w.org\/{rel}","templated":true}]}}