{"id":186524,"date":"2025-11-29T11:03:48","date_gmt":"2025-11-29T17:03:48","guid":{"rendered":"https:\/\/canal7slp.tv\/2026\/?p=186524"},"modified":"2025-11-29T11:03:48","modified_gmt":"2025-11-29T17:03:48","slug":"joaquin-guzman-lopez-se-declarara-culpable-por-narcotrafico-en-corte-de-chicago","status":"publish","type":"post","link":"https:\/\/canal7slp.tv\/2026\/joaquin-guzman-lopez-se-declarara-culpable-por-narcotrafico-en-corte-de-chicago\/","title":{"rendered":"Joaqu\u00edn Guzm\u00e1n L\u00f3pez se declarar\u00e1 culpable por narcotr\u00e1fico en corte de Chicago"},"content":{"rendered":"<p style=\"text-align: justify;\">Chicago.- Joaqu\u00edn Guzm\u00e1n L\u00f3pez, identificado como \u00abEl G\u00fcero\u00bb e hijo del narcotraficante Joaqu\u00edn \u00abEl Chapo\u00bb Guzm\u00e1n, se declarar\u00e1 culpable de al menos un cargo relacionado con tr\u00e1fico de drogas este lunes 1 de diciembre ante una Corte de Distrito en Chicago, Illinois.<\/p>\n<p style=\"text-align: justify;\">La audiencia, programada para las 13:30 horas, representa un cambio en su declaraci\u00f3n inicial de no culpabilidad despu\u00e9s de tres aplazamientos previos.<\/p>\n<p style=\"text-align: justify;\">El acusado enfrenta cargos por narcotr\u00e1fico, crimen organizado y posesi\u00f3n de armas de fuego.<\/p>\n<p style=\"text-align: justify;\">Esta decisi\u00f3n se produce en un contexto donde otros miembros destacados del C\u00e1rtel de Sinaloa han modificado recientemente sus posturas legales, incluyendo a su hermano Ovidio Guzm\u00e1n L\u00f3pez y a Ismael \u00abEl Mayo\u00bb Zambada, quienes tambi\u00e9n se han declarado culpables en procesos separados.<\/p>\n","protected":false},"excerpt":{"rendered":"<p>Chicago.- Joaqu\u00edn Guzm\u00e1n L\u00f3pez, identificado como \u00abEl G\u00fcero\u00bb e hijo del narcotraficante Joaqu\u00edn \u00abEl Chapo\u00bb Guzm\u00e1n, se declarar\u00e1 culpable de al menos un cargo relacionado con tr\u00e1fico de drogas este lunes 1 de diciembre ante una Corte de Distrito en Chicago, Illinois. La audiencia, programada para las 13:30 horas, representa un cambio en su declaraci\u00f3n inicial de no culpabilidad despu\u00e9s de tres aplazamientos previos. El acusado enfrenta cargos por narcotr\u00e1fico, crimen organizado y posesi\u00f3n de armas de fuego. Esta decisi\u00f3n se produce en un contexto donde otros miembros destacados del C\u00e1rtel de Sinaloa han modificado recientemente sus posturas legales, incluyendo [&hellip;]<\/p>\n","protected":false},"author":2,"featured_media":186525,"comment_status":"closed","ping_status":"closed","sticky":false,"template":"","format":"standard","meta":{"_monsterinsights_skip_tracking":false,"_monsterinsights_sitenote_active":false,"_monsterinsights_sitenote_note":"","_monsterinsights_sitenote_category":0,"footnotes":""},"categories":[44],"tags":[],"class_list":["post-186524","post","type-post","status-publish","format-standard","has-post-thumbnail","hentry","category-internacional","post--single"],"_links":{"self":[{"href":"https:\/\/canal7slp.tv\/2026\/wp-json\/wp\/v2\/posts\/186524","targetHints":{"allow":["GET"]}}],"collection":[{"href":"https:\/\/canal7slp.tv\/2026\/wp-json\/wp\/v2\/posts"}],"about":[{"href":"https:\/\/canal7slp.tv\/2026\/wp-json\/wp\/v2\/types\/post"}],"author":[{"embeddable":true,"href":"https:\/\/canal7slp.tv\/2026\/wp-json\/wp\/v2\/users\/2"}],"replies":[{"embeddable":true,"href":"https:\/\/canal7slp.tv\/2026\/wp-json\/wp\/v2\/comments?post=186524"}],"version-history":[{"count":1,"href":"https:\/\/canal7slp.tv\/2026\/wp-json\/wp\/v2\/posts\/186524\/revisions"}],"predecessor-version":[{"id":186526,"href":"https:\/\/canal7slp.tv\/2026\/wp-json\/wp\/v2\/posts\/186524\/revisions\/186526"}],"wp:featuredmedia":[{"embeddable":true,"href":"https:\/\/canal7slp.tv\/2026\/wp-json\/wp\/v2\/media\/186525"}],"wp:attachment":[{"href":"https:\/\/canal7slp.tv\/2026\/wp-json\/wp\/v2\/media?parent=186524"}],"wp:term":[{"taxonomy":"category","embeddable":true,"href":"https:\/\/canal7slp.tv\/2026\/wp-json\/wp\/v2\/categories?post=186524"},{"taxonomy":"post_tag","embeddable":true,"href":"https:\/\/canal7slp.tv\/2026\/wp-json\/wp\/v2\/tags?post=186524"}],"curies":[{"name":"wp","href":"https:\/\/api.w.org\/{rel}","templated":true}]}}