{"id":186445,"date":"2025-11-28T15:11:38","date_gmt":"2025-11-28T21:11:38","guid":{"rendered":"https:\/\/canal7slp.tv\/2026\/?p=186445"},"modified":"2025-11-28T15:11:38","modified_gmt":"2025-11-28T21:11:38","slug":"confirman-muerte-de-agente-de-la-guardia-nacional-tras-tiroteo-registrado-en-washington-dc","status":"publish","type":"post","link":"https:\/\/canal7slp.tv\/2026\/confirman-muerte-de-agente-de-la-guardia-nacional-tras-tiroteo-registrado-en-washington-dc\/","title":{"rendered":"Confirman muerte de agente de la Guardia Nacional tras tiroteo registrado en Washington DC"},"content":{"rendered":"<ul style=\"text-align: justify;\">\n<li>Trump culpa a Biden por el ataque.<\/li>\n<\/ul>\n<p style=\"text-align: justify;\">EEUU.- El presidente de Estados Unidos, Donald Trump, confirm\u00f3 la muerte de Sarah Beckstrom, una agente de la Guardia Nacional de 20 a\u00f1os que hab\u00eda resultado herida en un tiroteo registrado el mi\u00e9rcoles en Washington DC.<\/p>\n<p style=\"text-align: justify;\">El mandatario tambi\u00e9n inform\u00f3 que otro miembro de la corporaci\u00f3n, Andrew Wolfe, de 24 a\u00f1os, permanece en estado cr\u00edtico y \u201cluchando por su vida\u201d.<\/p>\n<p style=\"text-align: justify;\">Trump abord\u00f3 el tema durante una comunicaci\u00f3n con personal militar por el D\u00eda de Acci\u00f3n de Gracias, donde vincul\u00f3 el ataque con las pol\u00edticas migratorias implementadas por la administraci\u00f3n de Joe Biden.<\/p>\n<p style=\"text-align: justify;\">Sostuvo que su gobierno considera prioritario reforzar los controles sobre quienes ingresan y permanecen en el pa\u00eds.<\/p>\n<p style=\"text-align: justify;\">Horas antes, el Servicio de Ciudadan\u00eda e Inmigraci\u00f3n hab\u00eda dado a conocer que iniciar\u00e1 una revisi\u00f3n exhaustiva del estatus de residentes permanentes provenientes de 19 naciones calificadas como \u201cde preocupaci\u00f3n\u201d.<\/p>\n<p style=\"text-align: justify;\">El presunto responsable del tiroteo fue identificado como Rahmanullah Lakanwal, quien habr\u00eda llegado a Estados Unidos mediante un programa de reasentamiento destinado a ciudadanos afganos que colaboraron con las fuerzas estadounidenses.<\/p>\n","protected":false},"excerpt":{"rendered":"<p>Trump culpa a Biden por el ataque. EEUU.- El presidente de Estados Unidos, Donald Trump, confirm\u00f3 la muerte de Sarah Beckstrom, una agente de la Guardia Nacional de 20 a\u00f1os que hab\u00eda resultado herida en un tiroteo registrado el mi\u00e9rcoles en Washington DC. El mandatario tambi\u00e9n inform\u00f3 que otro miembro de la corporaci\u00f3n, Andrew Wolfe, de 24 a\u00f1os, permanece en estado cr\u00edtico y \u201cluchando por su vida\u201d. Trump abord\u00f3 el tema durante una comunicaci\u00f3n con personal militar por el D\u00eda de Acci\u00f3n de Gracias, donde vincul\u00f3 el ataque con las pol\u00edticas migratorias implementadas por la administraci\u00f3n de Joe Biden. Sostuvo [&hellip;]<\/p>\n","protected":false},"author":2,"featured_media":186446,"comment_status":"closed","ping_status":"closed","sticky":false,"template":"","format":"standard","meta":{"_monsterinsights_skip_tracking":false,"_monsterinsights_sitenote_active":false,"_monsterinsights_sitenote_note":"","_monsterinsights_sitenote_category":0,"footnotes":""},"categories":[44],"tags":[],"class_list":["post-186445","post","type-post","status-publish","format-standard","has-post-thumbnail","hentry","category-internacional","post--single"],"_links":{"self":[{"href":"https:\/\/canal7slp.tv\/2026\/wp-json\/wp\/v2\/posts\/186445","targetHints":{"allow":["GET"]}}],"collection":[{"href":"https:\/\/canal7slp.tv\/2026\/wp-json\/wp\/v2\/posts"}],"about":[{"href":"https:\/\/canal7slp.tv\/2026\/wp-json\/wp\/v2\/types\/post"}],"author":[{"embeddable":true,"href":"https:\/\/canal7slp.tv\/2026\/wp-json\/wp\/v2\/users\/2"}],"replies":[{"embeddable":true,"href":"https:\/\/canal7slp.tv\/2026\/wp-json\/wp\/v2\/comments?post=186445"}],"version-history":[{"count":1,"href":"https:\/\/canal7slp.tv\/2026\/wp-json\/wp\/v2\/posts\/186445\/revisions"}],"predecessor-version":[{"id":186447,"href":"https:\/\/canal7slp.tv\/2026\/wp-json\/wp\/v2\/posts\/186445\/revisions\/186447"}],"wp:featuredmedia":[{"embeddable":true,"href":"https:\/\/canal7slp.tv\/2026\/wp-json\/wp\/v2\/media\/186446"}],"wp:attachment":[{"href":"https:\/\/canal7slp.tv\/2026\/wp-json\/wp\/v2\/media?parent=186445"}],"wp:term":[{"taxonomy":"category","embeddable":true,"href":"https:\/\/canal7slp.tv\/2026\/wp-json\/wp\/v2\/categories?post=186445"},{"taxonomy":"post_tag","embeddable":true,"href":"https:\/\/canal7slp.tv\/2026\/wp-json\/wp\/v2\/tags?post=186445"}],"curies":[{"name":"wp","href":"https:\/\/api.w.org\/{rel}","templated":true}]}}