{"id":186423,"date":"2025-11-28T13:19:34","date_gmt":"2025-11-28T19:19:34","guid":{"rendered":"https:\/\/canal7slp.tv\/2026\/?p=186423"},"modified":"2025-11-28T13:19:34","modified_gmt":"2025-11-28T19:19:34","slug":"ernestina-godoy-queda-al-frente-de-la-fgr","status":"publish","type":"post","link":"https:\/\/canal7slp.tv\/2026\/ernestina-godoy-queda-al-frente-de-la-fgr\/","title":{"rendered":"Ernestina Godoy queda al frente de la FGR"},"content":{"rendered":"<p style=\"text-align: justify;\">\n<ul style=\"text-align: justify;\">\n<li>Senado lanza convocatoria expr\u00e9s para elegir nuevo fiscal.<\/li>\n<\/ul>\n<p style=\"text-align: justify;\">M\u00e9xico.- Con la salida de Alejandro Gertz Manero, la exconsejera jur\u00eddica de la Presidencia, Ernestina Godoy Ramos, asumi\u00f3 el cargo de fiscal provisional de la Rep\u00fablica.<\/p>\n<p style=\"text-align: justify;\">Esto fue posible porque, antes de renunciar, Gertz Manero la design\u00f3 como titular de la Fiscal\u00eda Especializada de Control Competencial (Fecoc), un puesto que, por ley, la convierte en la encargada de despacho de la FGR en ausencia del titular.<\/p>\n<p style=\"text-align: justify;\">De forma paralela, el Senado de la Rep\u00fablica emiti\u00f3 una convocatoria expr\u00e9s para elegir al nuevo fiscal. El proceso establece que los aspirantes podr\u00e1n registrarse entre el viernes 28 y el domingo 30 de noviembre.<\/p>\n<p style=\"text-align: justify;\">Posteriormente, las comisiones del Senado seleccionar\u00e1n 10 perfiles (cinco mujeres y cinco hombres) el pr\u00f3ximo lunes, los cuales se turnar\u00e1n a la presidenta Sheinbaum para que integre una terna.<\/p>\n<p style=\"text-align: justify;\">Se prev\u00e9 que el pleno del Senado elija al nuevo titular de la FGR a m\u00e1s tardar el mi\u00e9rcoles 4 de diciembre.<\/p>\n","protected":false},"excerpt":{"rendered":"<p>Senado lanza convocatoria expr\u00e9s para elegir nuevo fiscal. M\u00e9xico.- Con la salida de Alejandro Gertz Manero, la exconsejera jur\u00eddica de la Presidencia, Ernestina Godoy Ramos, asumi\u00f3 el cargo de fiscal provisional de la Rep\u00fablica. Esto fue posible porque, antes de renunciar, Gertz Manero la design\u00f3 como titular de la Fiscal\u00eda Especializada de Control Competencial (Fecoc), un puesto que, por ley, la convierte en la encargada de despacho de la FGR en ausencia del titular. De forma paralela, el Senado de la Rep\u00fablica emiti\u00f3 una convocatoria expr\u00e9s para elegir al nuevo fiscal. El proceso establece que los aspirantes podr\u00e1n registrarse entre [&hellip;]<\/p>\n","protected":false},"author":2,"featured_media":186424,"comment_status":"closed","ping_status":"closed","sticky":false,"template":"","format":"standard","meta":{"_monsterinsights_skip_tracking":false,"_monsterinsights_sitenote_active":false,"_monsterinsights_sitenote_note":"","_monsterinsights_sitenote_category":0,"footnotes":""},"categories":[46],"tags":[],"class_list":["post-186423","post","type-post","status-publish","format-standard","has-post-thumbnail","hentry","category-nacional","post--single"],"_links":{"self":[{"href":"https:\/\/canal7slp.tv\/2026\/wp-json\/wp\/v2\/posts\/186423","targetHints":{"allow":["GET"]}}],"collection":[{"href":"https:\/\/canal7slp.tv\/2026\/wp-json\/wp\/v2\/posts"}],"about":[{"href":"https:\/\/canal7slp.tv\/2026\/wp-json\/wp\/v2\/types\/post"}],"author":[{"embeddable":true,"href":"https:\/\/canal7slp.tv\/2026\/wp-json\/wp\/v2\/users\/2"}],"replies":[{"embeddable":true,"href":"https:\/\/canal7slp.tv\/2026\/wp-json\/wp\/v2\/comments?post=186423"}],"version-history":[{"count":1,"href":"https:\/\/canal7slp.tv\/2026\/wp-json\/wp\/v2\/posts\/186423\/revisions"}],"predecessor-version":[{"id":186425,"href":"https:\/\/canal7slp.tv\/2026\/wp-json\/wp\/v2\/posts\/186423\/revisions\/186425"}],"wp:featuredmedia":[{"embeddable":true,"href":"https:\/\/canal7slp.tv\/2026\/wp-json\/wp\/v2\/media\/186424"}],"wp:attachment":[{"href":"https:\/\/canal7slp.tv\/2026\/wp-json\/wp\/v2\/media?parent=186423"}],"wp:term":[{"taxonomy":"category","embeddable":true,"href":"https:\/\/canal7slp.tv\/2026\/wp-json\/wp\/v2\/categories?post=186423"},{"taxonomy":"post_tag","embeddable":true,"href":"https:\/\/canal7slp.tv\/2026\/wp-json\/wp\/v2\/tags?post=186423"}],"curies":[{"name":"wp","href":"https:\/\/api.w.org\/{rel}","templated":true}]}}