{"id":186417,"date":"2025-11-28T13:08:37","date_gmt":"2025-11-28T19:08:37","guid":{"rendered":"https:\/\/canal7slp.tv\/2026\/?p=186417"},"modified":"2025-11-28T13:08:37","modified_gmt":"2025-11-28T19:08:37","slug":"alejandro-gertz-manero-renuncia-a-la-fgr","status":"publish","type":"post","link":"https:\/\/canal7slp.tv\/2026\/alejandro-gertz-manero-renuncia-a-la-fgr\/","title":{"rendered":"Alejandro Gertz Manero renuncia a la FGR"},"content":{"rendered":"<p style=\"text-align: justify;\">\n<ul style=\"text-align: justify;\">\n<li>Sheinbaum lo designa como embajador.<\/li>\n<\/ul>\n<p style=\"text-align: justify;\">M\u00e9xico.- Luego de un d\u00eda de especulaciones, la presidenta Claudia Sheinbaum confirm\u00f3 este viernes la renuncia de Alejandro Gertz Manero como Fiscal General de la Rep\u00fablica (FGR), cargo que ocupaba desde 2019.<\/p>\n<p style=\"text-align: justify;\">Durante su anuncio, la mandataria revel\u00f3 que le ofreci\u00f3 al ahora exfiscal convertirse en embajador de M\u00e9xico en un \u00abpa\u00eds amigo\u00bb, propuesta que Gertz Manero acept\u00f3.<\/p>\n<p style=\"text-align: justify;\">Sheinbaum explic\u00f3 que el destino diplom\u00e1tico espec\u00edfico se dar\u00e1 a conocer una vez que se completen los procesos formales con la Secretar\u00eda de Relaciones Exteriores y el pa\u00eds anfitri\u00f3n, lo que incluye la aceptaci\u00f3n de sus credenciales.<\/p>\n<p style=\"text-align: justify;\">La salida de Gertz Manero se da en un contexto donde, seg\u00fan versiones no confirmadas, el Senado consideraba que no hab\u00eda cumplido cabalmente con sus responsabilidades al frente de la dependencia.<\/p>\n","protected":false},"excerpt":{"rendered":"<p>Sheinbaum lo designa como embajador. M\u00e9xico.- Luego de un d\u00eda de especulaciones, la presidenta Claudia Sheinbaum confirm\u00f3 este viernes la renuncia de Alejandro Gertz Manero como Fiscal General de la Rep\u00fablica (FGR), cargo que ocupaba desde 2019. Durante su anuncio, la mandataria revel\u00f3 que le ofreci\u00f3 al ahora exfiscal convertirse en embajador de M\u00e9xico en un \u00abpa\u00eds amigo\u00bb, propuesta que Gertz Manero acept\u00f3. Sheinbaum explic\u00f3 que el destino diplom\u00e1tico espec\u00edfico se dar\u00e1 a conocer una vez que se completen los procesos formales con la Secretar\u00eda de Relaciones Exteriores y el pa\u00eds anfitri\u00f3n, lo que incluye la aceptaci\u00f3n de sus credenciales. [&hellip;]<\/p>\n","protected":false},"author":2,"featured_media":186418,"comment_status":"closed","ping_status":"closed","sticky":false,"template":"","format":"standard","meta":{"_monsterinsights_skip_tracking":false,"_monsterinsights_sitenote_active":false,"_monsterinsights_sitenote_note":"","_monsterinsights_sitenote_category":0,"footnotes":""},"categories":[46],"tags":[],"class_list":["post-186417","post","type-post","status-publish","format-standard","has-post-thumbnail","hentry","category-nacional","post--single"],"_links":{"self":[{"href":"https:\/\/canal7slp.tv\/2026\/wp-json\/wp\/v2\/posts\/186417","targetHints":{"allow":["GET"]}}],"collection":[{"href":"https:\/\/canal7slp.tv\/2026\/wp-json\/wp\/v2\/posts"}],"about":[{"href":"https:\/\/canal7slp.tv\/2026\/wp-json\/wp\/v2\/types\/post"}],"author":[{"embeddable":true,"href":"https:\/\/canal7slp.tv\/2026\/wp-json\/wp\/v2\/users\/2"}],"replies":[{"embeddable":true,"href":"https:\/\/canal7slp.tv\/2026\/wp-json\/wp\/v2\/comments?post=186417"}],"version-history":[{"count":1,"href":"https:\/\/canal7slp.tv\/2026\/wp-json\/wp\/v2\/posts\/186417\/revisions"}],"predecessor-version":[{"id":186419,"href":"https:\/\/canal7slp.tv\/2026\/wp-json\/wp\/v2\/posts\/186417\/revisions\/186419"}],"wp:featuredmedia":[{"embeddable":true,"href":"https:\/\/canal7slp.tv\/2026\/wp-json\/wp\/v2\/media\/186418"}],"wp:attachment":[{"href":"https:\/\/canal7slp.tv\/2026\/wp-json\/wp\/v2\/media?parent=186417"}],"wp:term":[{"taxonomy":"category","embeddable":true,"href":"https:\/\/canal7slp.tv\/2026\/wp-json\/wp\/v2\/categories?post=186417"},{"taxonomy":"post_tag","embeddable":true,"href":"https:\/\/canal7slp.tv\/2026\/wp-json\/wp\/v2\/tags?post=186417"}],"curies":[{"name":"wp","href":"https:\/\/api.w.org\/{rel}","templated":true}]}}