{"id":186388,"date":"2025-11-27T21:34:00","date_gmt":"2025-11-28T03:34:00","guid":{"rendered":"https:\/\/canal7slp.tv\/2026\/?p=186388"},"modified":"2025-11-27T21:34:00","modified_gmt":"2025-11-28T03:34:00","slug":"se-manifiestan-activistas-pro-palestina","status":"publish","type":"post","link":"https:\/\/canal7slp.tv\/2026\/se-manifiestan-activistas-pro-palestina\/","title":{"rendered":"Se manifiestan activistas pro-Palestina"},"content":{"rendered":"<p style=\"text-align: justify;\"><span style=\"font-size: 1.21429rem;\">SLP.- La comunidad potosina por Palestina convoc\u00f3 a una jornada de solidaridad, cultura y activismo por los derechos de este pueblo.<\/span><\/p>\n<p style=\"text-align: justify;\">El evento se llevar\u00e1 a cabo el pr\u00f3ximo 29 de Noviembre a las 5 de la tarde en el jard\u00edn de Tequis en el marco del D\u00eda Internacional de Solidaridad con el Pueblo Palestino, proclamado por la Asamblea General de las Naciones Unidas en 1977.<\/p>\n<p style=\"text-align: justify;\">El programa en este evento incluye espacios para el debate, exposici\u00f3n fotogr\u00e1fica, skate y rap, di\u00e1logo e informaci\u00f3n y recolecci\u00f3n de firmas para solicitar el reconocimiento a favor de Palestina.<\/p>\n<p style=\"text-align: justify;\">Por: Claudio Ibarra<\/p>\n","protected":false},"excerpt":{"rendered":"<p>SLP.- La comunidad potosina por Palestina convoc\u00f3 a una jornada de solidaridad, cultura y activismo por los derechos de este pueblo. El evento se llevar\u00e1 a cabo el pr\u00f3ximo 29 de Noviembre a las 5 de la tarde en el jard\u00edn de Tequis en el marco del D\u00eda Internacional de Solidaridad con el Pueblo Palestino, proclamado por la Asamblea General de las Naciones Unidas en 1977. El programa en este evento incluye espacios para el debate, exposici\u00f3n fotogr\u00e1fica, skate y rap, di\u00e1logo e informaci\u00f3n y recolecci\u00f3n de firmas para solicitar el reconocimiento a favor de Palestina. Por: Claudio Ibarra<\/p>\n","protected":false},"author":2,"featured_media":186399,"comment_status":"closed","ping_status":"closed","sticky":false,"template":"","format":"video","meta":{"_monsterinsights_skip_tracking":false,"_monsterinsights_sitenote_active":false,"_monsterinsights_sitenote_note":"","_monsterinsights_sitenote_category":0,"footnotes":""},"categories":[5,45],"tags":[],"class_list":["post-186388","post","type-post","status-publish","format-video","has-post-thumbnail","hentry","category-destacadas","category-localesyregionales","post_format-post-format-video","post--single"],"_links":{"self":[{"href":"https:\/\/canal7slp.tv\/2026\/wp-json\/wp\/v2\/posts\/186388","targetHints":{"allow":["GET"]}}],"collection":[{"href":"https:\/\/canal7slp.tv\/2026\/wp-json\/wp\/v2\/posts"}],"about":[{"href":"https:\/\/canal7slp.tv\/2026\/wp-json\/wp\/v2\/types\/post"}],"author":[{"embeddable":true,"href":"https:\/\/canal7slp.tv\/2026\/wp-json\/wp\/v2\/users\/2"}],"replies":[{"embeddable":true,"href":"https:\/\/canal7slp.tv\/2026\/wp-json\/wp\/v2\/comments?post=186388"}],"version-history":[{"count":2,"href":"https:\/\/canal7slp.tv\/2026\/wp-json\/wp\/v2\/posts\/186388\/revisions"}],"predecessor-version":[{"id":186400,"href":"https:\/\/canal7slp.tv\/2026\/wp-json\/wp\/v2\/posts\/186388\/revisions\/186400"}],"wp:featuredmedia":[{"embeddable":true,"href":"https:\/\/canal7slp.tv\/2026\/wp-json\/wp\/v2\/media\/186399"}],"wp:attachment":[{"href":"https:\/\/canal7slp.tv\/2026\/wp-json\/wp\/v2\/media?parent=186388"}],"wp:term":[{"taxonomy":"category","embeddable":true,"href":"https:\/\/canal7slp.tv\/2026\/wp-json\/wp\/v2\/categories?post=186388"},{"taxonomy":"post_tag","embeddable":true,"href":"https:\/\/canal7slp.tv\/2026\/wp-json\/wp\/v2\/tags?post=186388"}],"curies":[{"name":"wp","href":"https:\/\/api.w.org\/{rel}","templated":true}]}}