{"id":186314,"date":"2025-11-27T14:01:12","date_gmt":"2025-11-27T20:01:12","guid":{"rendered":"https:\/\/canal7slp.tv\/2026\/?p=186314"},"modified":"2025-11-27T14:01:12","modified_gmt":"2025-11-27T20:01:12","slug":"alcaldesa-de-uruapan-busca-registrar-como-marca-el-nombre-de-su-esposo-asesinado","status":"publish","type":"post","link":"https:\/\/canal7slp.tv\/2026\/alcaldesa-de-uruapan-busca-registrar-como-marca-el-nombre-de-su-esposo-asesinado\/","title":{"rendered":"Alcaldesa de Uruapan busca registrar como marca el nombre de su esposo asesinado"},"content":{"rendered":"<p style=\"text-align: justify;\">Uruapan.- La alcaldesa de Uruapan, Grecia Quiroz, solicit\u00f3 ante el Instituto Mexicano de la Propiedad Industrial (IMPI) el registro de dos marcas vinculadas al legado de su esposo, Carlos Manzo, asesinado el pasado 1 de noviembre.<\/p>\n<p style=\"text-align: justify;\">La primera solicitud, presentada el 14 de noviembre, busca registrar la marca \u201cCarlos Manzo\u201d para servicios relacionados con la organizaci\u00f3n de reuniones pol\u00edticas, cabildeo y asesor\u00eda en participaci\u00f3n ciudadana.<\/p>\n<p style=\"text-align: justify;\">La segunda petici\u00f3n corresponde al \u201cMovimiento Independiente del Sombrero\u201d, agrupaci\u00f3n fundada por el exalcalde, cuyo registro contempla servicios de apoyo y acompa\u00f1amiento en el desarrollo de iniciativas pol\u00edticas y sociales.<\/p>\n<p style=\"text-align: justify;\">Ambas solicitudes permanecen en tr\u00e1mite bajo los expedientes 3506523 y 3506474, de acuerdo con la informaci\u00f3n disponible en los registros del IMPI.<\/p>\n","protected":false},"excerpt":{"rendered":"<p>Uruapan.- La alcaldesa de Uruapan, Grecia Quiroz, solicit\u00f3 ante el Instituto Mexicano de la Propiedad Industrial (IMPI) el registro de dos marcas vinculadas al legado de su esposo, Carlos Manzo, asesinado el pasado 1 de noviembre. La primera solicitud, presentada el 14 de noviembre, busca registrar la marca \u201cCarlos Manzo\u201d para servicios relacionados con la organizaci\u00f3n de reuniones pol\u00edticas, cabildeo y asesor\u00eda en participaci\u00f3n ciudadana. La segunda petici\u00f3n corresponde al \u201cMovimiento Independiente del Sombrero\u201d, agrupaci\u00f3n fundada por el exalcalde, cuyo registro contempla servicios de apoyo y acompa\u00f1amiento en el desarrollo de iniciativas pol\u00edticas y sociales. Ambas solicitudes permanecen en tr\u00e1mite [&hellip;]<\/p>\n","protected":false},"author":2,"featured_media":186316,"comment_status":"closed","ping_status":"closed","sticky":false,"template":"","format":"standard","meta":{"_monsterinsights_skip_tracking":false,"_monsterinsights_sitenote_active":false,"_monsterinsights_sitenote_note":"","_monsterinsights_sitenote_category":0,"footnotes":""},"categories":[46],"tags":[],"class_list":["post-186314","post","type-post","status-publish","format-standard","has-post-thumbnail","hentry","category-nacional","post--single"],"_links":{"self":[{"href":"https:\/\/canal7slp.tv\/2026\/wp-json\/wp\/v2\/posts\/186314","targetHints":{"allow":["GET"]}}],"collection":[{"href":"https:\/\/canal7slp.tv\/2026\/wp-json\/wp\/v2\/posts"}],"about":[{"href":"https:\/\/canal7slp.tv\/2026\/wp-json\/wp\/v2\/types\/post"}],"author":[{"embeddable":true,"href":"https:\/\/canal7slp.tv\/2026\/wp-json\/wp\/v2\/users\/2"}],"replies":[{"embeddable":true,"href":"https:\/\/canal7slp.tv\/2026\/wp-json\/wp\/v2\/comments?post=186314"}],"version-history":[{"count":2,"href":"https:\/\/canal7slp.tv\/2026\/wp-json\/wp\/v2\/posts\/186314\/revisions"}],"predecessor-version":[{"id":186319,"href":"https:\/\/canal7slp.tv\/2026\/wp-json\/wp\/v2\/posts\/186314\/revisions\/186319"}],"wp:featuredmedia":[{"embeddable":true,"href":"https:\/\/canal7slp.tv\/2026\/wp-json\/wp\/v2\/media\/186316"}],"wp:attachment":[{"href":"https:\/\/canal7slp.tv\/2026\/wp-json\/wp\/v2\/media?parent=186314"}],"wp:term":[{"taxonomy":"category","embeddable":true,"href":"https:\/\/canal7slp.tv\/2026\/wp-json\/wp\/v2\/categories?post=186314"},{"taxonomy":"post_tag","embeddable":true,"href":"https:\/\/canal7slp.tv\/2026\/wp-json\/wp\/v2\/tags?post=186314"}],"curies":[{"name":"wp","href":"https:\/\/api.w.org\/{rel}","templated":true}]}}