{"id":186296,"date":"2025-11-26T22:37:09","date_gmt":"2025-11-27T04:37:09","guid":{"rendered":"https:\/\/canal7slp.tv\/2026\/?p=186296"},"modified":"2025-11-26T22:37:09","modified_gmt":"2025-11-27T04:37:09","slug":"realizan-mesa-de-dialogo-contra-la-violencia-hacia-las-mujeres","status":"publish","type":"post","link":"https:\/\/canal7slp.tv\/2026\/realizan-mesa-de-dialogo-contra-la-violencia-hacia-las-mujeres\/","title":{"rendered":"Realizan mesa de di\u00e1logo contra la violencia hacia las mujeres"},"content":{"rendered":"<p style=\"text-align: justify;\"><span style=\"font-size: 1.21429rem;\">SLP.- La colectiva Las Matses junto con la diputada J\u00e9ssica Gabriela L\u00f3pez Torres llevaron a cabo un mesa de di\u00e1logo con el tema \u201cNuestras Voces para Erradicar las Violencias\u201den el marco de los 16 d\u00edas de activismo posterior a la conmemoraci\u00f3n del D\u00eda Internacional de la Eliminaci\u00f3n de la Violencia contra las Mujeres.<\/span><\/p>\n<p style=\"text-align: justify;\">La legisladora coment\u00f3 que se trata de un espacio de di\u00e1logo y activismo desde las diversas trincheras y que culmina el 10 de Diciembre, D\u00eda Internacional de los Derechos Humanos.<\/p>\n<p style=\"text-align: justify;\">Participaron en esta mesa de dialogo juezas, empresarias y mujeres que se desempe\u00f1an en diversos \u00e1mbitos de la sociedad civil.<\/p>\n<p style=\"text-align: justify;\">Otro tema que se abord\u00f3 fue el de erradicar la violencia digital en donde se destac\u00f3 el impulso de un programa denominado \u201cTecnoni\u00f1as\u201d.<\/p>\n<p style=\"text-align: justify;\">La jueza Luisa Rojas, participante en esta reuni\u00f3n, destac\u00f3 la importancia de erradicar la violencia de g\u00e9nero en sus distintas variables.<\/p>\n<p style=\"text-align: justify;\">Asimismo, se destac\u00f3 tambi\u00e9n la importancia de que en reuniones con el tema de la erradicaci\u00f3n de la violencia hacia las mujeres haya una mayor coordinaci\u00f3n entre los poderes legislativo y judicial, as\u00ed como la Fiscal\u00eda.<\/p>\n<p style=\"text-align: justify;\">Por su parte, la consejera del Consejo Estatal Electoral y de Participaci\u00f3n Ciudadana Graciela D\u00edaz Vazquez, tambi\u00e9n participante en esta mesa de di\u00e1logo sobre la erradicaci\u00f3n de las violencias, se pronunci\u00f3 porque cada vez m\u00e1s mujeres se unan y participen en estos foros que dijo, buscan crear conciencia y lograr la reflexi\u00f3n en hombres y mujeres en este tema.<\/p>\n<p>Por: Claudio Ibarra<\/p>\n","protected":false},"excerpt":{"rendered":"<p>SLP.- La colectiva Las Matses junto con la diputada J\u00e9ssica Gabriela L\u00f3pez Torres llevaron a cabo un mesa de di\u00e1logo con el tema \u201cNuestras Voces para Erradicar las Violencias\u201den el marco de los 16 d\u00edas de activismo posterior a la conmemoraci\u00f3n del D\u00eda Internacional de la Eliminaci\u00f3n de la Violencia contra las Mujeres. La legisladora coment\u00f3 que se trata de un espacio de di\u00e1logo y activismo desde las diversas trincheras y que culmina el 10 de Diciembre, D\u00eda Internacional de los Derechos Humanos. Participaron en esta mesa de dialogo juezas, empresarias y mujeres que se desempe\u00f1an en diversos \u00e1mbitos de [&hellip;]<\/p>\n","protected":false},"author":2,"featured_media":186302,"comment_status":"closed","ping_status":"closed","sticky":false,"template":"","format":"video","meta":{"_monsterinsights_skip_tracking":false,"_monsterinsights_sitenote_active":false,"_monsterinsights_sitenote_note":"","_monsterinsights_sitenote_category":0,"footnotes":""},"categories":[3,5,45],"tags":[],"class_list":["post-186296","post","type-post","status-publish","format-video","has-post-thumbnail","hentry","category-congreso","category-destacadas","category-localesyregionales","post_format-post-format-video","post--single"],"_links":{"self":[{"href":"https:\/\/canal7slp.tv\/2026\/wp-json\/wp\/v2\/posts\/186296","targetHints":{"allow":["GET"]}}],"collection":[{"href":"https:\/\/canal7slp.tv\/2026\/wp-json\/wp\/v2\/posts"}],"about":[{"href":"https:\/\/canal7slp.tv\/2026\/wp-json\/wp\/v2\/types\/post"}],"author":[{"embeddable":true,"href":"https:\/\/canal7slp.tv\/2026\/wp-json\/wp\/v2\/users\/2"}],"replies":[{"embeddable":true,"href":"https:\/\/canal7slp.tv\/2026\/wp-json\/wp\/v2\/comments?post=186296"}],"version-history":[{"count":2,"href":"https:\/\/canal7slp.tv\/2026\/wp-json\/wp\/v2\/posts\/186296\/revisions"}],"predecessor-version":[{"id":186303,"href":"https:\/\/canal7slp.tv\/2026\/wp-json\/wp\/v2\/posts\/186296\/revisions\/186303"}],"wp:featuredmedia":[{"embeddable":true,"href":"https:\/\/canal7slp.tv\/2026\/wp-json\/wp\/v2\/media\/186302"}],"wp:attachment":[{"href":"https:\/\/canal7slp.tv\/2026\/wp-json\/wp\/v2\/media?parent=186296"}],"wp:term":[{"taxonomy":"category","embeddable":true,"href":"https:\/\/canal7slp.tv\/2026\/wp-json\/wp\/v2\/categories?post=186296"},{"taxonomy":"post_tag","embeddable":true,"href":"https:\/\/canal7slp.tv\/2026\/wp-json\/wp\/v2\/tags?post=186296"}],"curies":[{"name":"wp","href":"https:\/\/api.w.org\/{rel}","templated":true}]}}