{"id":186240,"date":"2025-11-26T16:04:16","date_gmt":"2025-11-26T22:04:16","guid":{"rendered":"https:\/\/canal7slp.tv\/2026\/?p=186240"},"modified":"2025-11-26T17:19:59","modified_gmt":"2025-11-26T23:19:59","slug":"suspenden-clases-en-64-municipios-de-puebla-por-frente-frio-numero-16","status":"publish","type":"post","link":"https:\/\/canal7slp.tv\/2026\/suspenden-clases-en-64-municipios-de-puebla-por-frente-frio-numero-16\/","title":{"rendered":"Suspenden clases en 64 municipios de Puebla por frente fr\u00edo n\u00famero 16"},"content":{"rendered":"<p style=\"text-align: justify;\">M\u00e9xico.- La Secretar\u00eda de Educaci\u00f3n P\u00fablica (SEP) inform\u00f3 que debido a las bajas temperaturas provocadas por el frente fr\u00edo n\u00famero 16, se suspender\u00e1n las clases este 27 de noviembre en cinco mil 836 escuelas de educaci\u00f3n inicial, preescolar, primaria y secundaria ubicadas en 64 municipios de las regiones Sierra Norte y Sierra Nororiental del estado de Puebla.<\/p>\n<p style=\"text-align: justify;\">La medida afectar\u00e1 a municipios como Ahuacatl\u00e1n, Huauchinango, Zacatl\u00e1n, Teziutl\u00e1n y Zacapoaxtla, entre otros.<\/p>\n<p style=\"text-align: justify;\">La dependencia federal se\u00f1al\u00f3 que esta decisi\u00f3n tiene como objetivo prioritario garantizar la seguridad de los estudiantes ante las condiciones clim\u00e1ticas.<\/p>\n<p style=\"text-align: justify;\">La SEP aclar\u00f3 que los estudiantes de educaci\u00f3n media superior y superior se reincorporar\u00e1n a clases presenciales a partir del viernes 28 de noviembre.<\/p>\n","protected":false},"excerpt":{"rendered":"<p>M\u00e9xico.- La Secretar\u00eda de Educaci\u00f3n P\u00fablica (SEP) inform\u00f3 que debido a las bajas temperaturas provocadas por el frente fr\u00edo n\u00famero 16, se suspender\u00e1n las clases este 27 de noviembre en cinco mil 836 escuelas de educaci\u00f3n inicial, preescolar, primaria y secundaria ubicadas en 64 municipios de las regiones Sierra Norte y Sierra Nororiental del estado de Puebla. La medida afectar\u00e1 a municipios como Ahuacatl\u00e1n, Huauchinango, Zacatl\u00e1n, Teziutl\u00e1n y Zacapoaxtla, entre otros. La dependencia federal se\u00f1al\u00f3 que esta decisi\u00f3n tiene como objetivo prioritario garantizar la seguridad de los estudiantes ante las condiciones clim\u00e1ticas. La SEP aclar\u00f3 que los estudiantes de educaci\u00f3n [&hellip;]<\/p>\n","protected":false},"author":2,"featured_media":186241,"comment_status":"closed","ping_status":"closed","sticky":false,"template":"","format":"standard","meta":{"_monsterinsights_skip_tracking":false,"_monsterinsights_sitenote_active":false,"_monsterinsights_sitenote_note":"","_monsterinsights_sitenote_category":0,"footnotes":""},"categories":[46],"tags":[],"class_list":["post-186240","post","type-post","status-publish","format-standard","has-post-thumbnail","hentry","category-nacional","post--single"],"_links":{"self":[{"href":"https:\/\/canal7slp.tv\/2026\/wp-json\/wp\/v2\/posts\/186240","targetHints":{"allow":["GET"]}}],"collection":[{"href":"https:\/\/canal7slp.tv\/2026\/wp-json\/wp\/v2\/posts"}],"about":[{"href":"https:\/\/canal7slp.tv\/2026\/wp-json\/wp\/v2\/types\/post"}],"author":[{"embeddable":true,"href":"https:\/\/canal7slp.tv\/2026\/wp-json\/wp\/v2\/users\/2"}],"replies":[{"embeddable":true,"href":"https:\/\/canal7slp.tv\/2026\/wp-json\/wp\/v2\/comments?post=186240"}],"version-history":[{"count":1,"href":"https:\/\/canal7slp.tv\/2026\/wp-json\/wp\/v2\/posts\/186240\/revisions"}],"predecessor-version":[{"id":186242,"href":"https:\/\/canal7slp.tv\/2026\/wp-json\/wp\/v2\/posts\/186240\/revisions\/186242"}],"wp:featuredmedia":[{"embeddable":true,"href":"https:\/\/canal7slp.tv\/2026\/wp-json\/wp\/v2\/media\/186241"}],"wp:attachment":[{"href":"https:\/\/canal7slp.tv\/2026\/wp-json\/wp\/v2\/media?parent=186240"}],"wp:term":[{"taxonomy":"category","embeddable":true,"href":"https:\/\/canal7slp.tv\/2026\/wp-json\/wp\/v2\/categories?post=186240"},{"taxonomy":"post_tag","embeddable":true,"href":"https:\/\/canal7slp.tv\/2026\/wp-json\/wp\/v2\/tags?post=186240"}],"curies":[{"name":"wp","href":"https:\/\/api.w.org\/{rel}","templated":true}]}}