{"id":186101,"date":"2025-11-25T14:01:04","date_gmt":"2025-11-25T20:01:04","guid":{"rendered":"https:\/\/canal7slp.tv\/2026\/?p=186101"},"modified":"2025-11-25T14:01:04","modified_gmt":"2025-11-25T20:01:04","slug":"corte-suprema-de-brasil-deja-firme-la-condena-de-27-anos-contra-jair-bolsonaro","status":"publish","type":"post","link":"https:\/\/canal7slp.tv\/2026\/corte-suprema-de-brasil-deja-firme-la-condena-de-27-anos-contra-jair-bolsonaro\/","title":{"rendered":"Corte Suprema de Brasil deja firme la condena de 27 a\u00f1os contra Jair Bolsonaro"},"content":{"rendered":"<p style=\"text-align: justify;\">Brasilia.- La Primera Sala de la Corte Suprema de Brasil confirm\u00f3 la condena de 27 a\u00f1os de prisi\u00f3n impuesta al expresidente Jair Bolsonaro por su participaci\u00f3n en los actos golpistas ocurridos despu\u00e9s de las elecciones de 2022.<\/p>\n<p style=\"text-align: justify;\">La resoluci\u00f3n qued\u00f3 firme luego de que su defensa renunciara a presentar nuevos recursos.<\/p>\n<p style=\"text-align: justify;\">Tras esta determinaci\u00f3n, el tribunal deber\u00e1 definir el centro penitenciario en el que el exmandatario cumplir\u00e1 su sentencia.<\/p>\n<p style=\"text-align: justify;\">Entre las opciones analizadas se encuentran la sede de la Polic\u00eda Federal, donde permanece recluido desde su traslado por violar la tobillera electr\u00f3nica, o el Complejo Penitenciario de Papuda, ambos ubicados en Brasilia.<\/p>\n<p style=\"text-align: justify;\">La decisi\u00f3n tambi\u00e9n alcanza a otros implicados en el caso.<\/p>\n<p style=\"text-align: justify;\">El diputado Alexandre Ramagem, condenado a 16 a\u00f1os y actualmente pr\u00f3fugo en Estados Unidos, y el exministro de Justicia Anderson Torres, sentenciado a 24 a\u00f1os de prisi\u00f3n, quedaron igualmente sin posibilidad de nuevos recursos.<\/p>\n<p style=\"text-align: justify;\">Bolsonaro, por su parte, ha atribuido el da\u00f1o a su dispositivo de localizaci\u00f3n a efectos secundarios de medicamentos.<\/p>\n<p style=\"text-align: justify;\">Su defensa anunci\u00f3 que solicitar\u00e1 nuevamente arresto domiciliario por motivos humanitarios, argumentando un deterioro en su estado de salud.<\/p>\n","protected":false},"excerpt":{"rendered":"<p>Brasilia.- La Primera Sala de la Corte Suprema de Brasil confirm\u00f3 la condena de 27 a\u00f1os de prisi\u00f3n impuesta al expresidente Jair Bolsonaro por su participaci\u00f3n en los actos golpistas ocurridos despu\u00e9s de las elecciones de 2022. La resoluci\u00f3n qued\u00f3 firme luego de que su defensa renunciara a presentar nuevos recursos. Tras esta determinaci\u00f3n, el tribunal deber\u00e1 definir el centro penitenciario en el que el exmandatario cumplir\u00e1 su sentencia. Entre las opciones analizadas se encuentran la sede de la Polic\u00eda Federal, donde permanece recluido desde su traslado por violar la tobillera electr\u00f3nica, o el Complejo Penitenciario de Papuda, ambos ubicados [&hellip;]<\/p>\n","protected":false},"author":2,"featured_media":186102,"comment_status":"closed","ping_status":"closed","sticky":false,"template":"","format":"standard","meta":{"_monsterinsights_skip_tracking":false,"_monsterinsights_sitenote_active":false,"_monsterinsights_sitenote_note":"","_monsterinsights_sitenote_category":0,"footnotes":""},"categories":[44],"tags":[],"class_list":["post-186101","post","type-post","status-publish","format-standard","has-post-thumbnail","hentry","category-internacional","post--single"],"_links":{"self":[{"href":"https:\/\/canal7slp.tv\/2026\/wp-json\/wp\/v2\/posts\/186101","targetHints":{"allow":["GET"]}}],"collection":[{"href":"https:\/\/canal7slp.tv\/2026\/wp-json\/wp\/v2\/posts"}],"about":[{"href":"https:\/\/canal7slp.tv\/2026\/wp-json\/wp\/v2\/types\/post"}],"author":[{"embeddable":true,"href":"https:\/\/canal7slp.tv\/2026\/wp-json\/wp\/v2\/users\/2"}],"replies":[{"embeddable":true,"href":"https:\/\/canal7slp.tv\/2026\/wp-json\/wp\/v2\/comments?post=186101"}],"version-history":[{"count":1,"href":"https:\/\/canal7slp.tv\/2026\/wp-json\/wp\/v2\/posts\/186101\/revisions"}],"predecessor-version":[{"id":186103,"href":"https:\/\/canal7slp.tv\/2026\/wp-json\/wp\/v2\/posts\/186101\/revisions\/186103"}],"wp:featuredmedia":[{"embeddable":true,"href":"https:\/\/canal7slp.tv\/2026\/wp-json\/wp\/v2\/media\/186102"}],"wp:attachment":[{"href":"https:\/\/canal7slp.tv\/2026\/wp-json\/wp\/v2\/media?parent=186101"}],"wp:term":[{"taxonomy":"category","embeddable":true,"href":"https:\/\/canal7slp.tv\/2026\/wp-json\/wp\/v2\/categories?post=186101"},{"taxonomy":"post_tag","embeddable":true,"href":"https:\/\/canal7slp.tv\/2026\/wp-json\/wp\/v2\/tags?post=186101"}],"curies":[{"name":"wp","href":"https:\/\/api.w.org\/{rel}","templated":true}]}}