{"id":186053,"date":"2025-11-24T20:46:10","date_gmt":"2025-11-25T02:46:10","guid":{"rendered":"https:\/\/canal7slp.tv\/2026\/?p=186053"},"modified":"2025-11-24T20:46:10","modified_gmt":"2025-11-25T02:46:10","slug":"bloqueos-carreteros-son-por-ingobernabilidad-afirma-la-dirigencia-estatal-del-pri","status":"publish","type":"post","link":"https:\/\/canal7slp.tv\/2026\/bloqueos-carreteros-son-por-ingobernabilidad-afirma-la-dirigencia-estatal-del-pri\/","title":{"rendered":"Bloqueos carreteros son por ingobernabilidad afirma la dirigencia estatal del PRI"},"content":{"rendered":"<p style=\"text-align: justify;\"><span style=\"font-size: 1.21429rem;\">SLP.- Los bloqueos carreteros convocados a nivel nacional para este lunes son el resultado de la ingobernabilidad que se vive en el pa\u00eds, y de las p\u00e9simas pol\u00edticas p\u00fablicas del gobierno federal.<\/span><\/p>\n<p style=\"text-align: justify;\">As\u00ed lo afirm\u00f3 el presidente de la Fundaci\u00f3n Colosio del PRI en San Luis Potos\u00ed, Adolfo Micalco M\u00e9ndez.<\/p>\n<p style=\"text-align: justify;\">El pri\u00edsta afirm\u00f3 que \u00e9sta movilizaci\u00f3n y otras m\u00e1s que se han registrado son el reclamo de los mexicanos de que est\u00e1n hartos de la violencia, y de la inseguridad que padecen.<\/p>\n<p style=\"text-align: justify;\">Al decir que su partido se solidariza con las demandas de los productores del campo dijo tambi\u00e9n que esta movilizaci\u00f3n a nivel nacional, repercutir\u00e1 seriamente en la econom\u00eda de los sectores productivos.<\/p>\n<p>Por: Claudio Ibarra<\/p>\n","protected":false},"excerpt":{"rendered":"<p>SLP.- Los bloqueos carreteros convocados a nivel nacional para este lunes son el resultado de la ingobernabilidad que se vive en el pa\u00eds, y de las p\u00e9simas pol\u00edticas p\u00fablicas del gobierno federal. As\u00ed lo afirm\u00f3 el presidente de la Fundaci\u00f3n Colosio del PRI en San Luis Potos\u00ed, Adolfo Micalco M\u00e9ndez. El pri\u00edsta afirm\u00f3 que \u00e9sta movilizaci\u00f3n y otras m\u00e1s que se han registrado son el reclamo de los mexicanos de que est\u00e1n hartos de la violencia, y de la inseguridad que padecen. Al decir que su partido se solidariza con las demandas de los productores del campo dijo tambi\u00e9n que [&hellip;]<\/p>\n","protected":false},"author":2,"featured_media":186085,"comment_status":"closed","ping_status":"closed","sticky":false,"template":"","format":"video","meta":{"_monsterinsights_skip_tracking":false,"_monsterinsights_sitenote_active":false,"_monsterinsights_sitenote_note":"","_monsterinsights_sitenote_category":0,"footnotes":""},"categories":[5,45],"tags":[],"class_list":["post-186053","post","type-post","status-publish","format-video","has-post-thumbnail","hentry","category-destacadas","category-localesyregionales","post_format-post-format-video","post--single"],"_links":{"self":[{"href":"https:\/\/canal7slp.tv\/2026\/wp-json\/wp\/v2\/posts\/186053","targetHints":{"allow":["GET"]}}],"collection":[{"href":"https:\/\/canal7slp.tv\/2026\/wp-json\/wp\/v2\/posts"}],"about":[{"href":"https:\/\/canal7slp.tv\/2026\/wp-json\/wp\/v2\/types\/post"}],"author":[{"embeddable":true,"href":"https:\/\/canal7slp.tv\/2026\/wp-json\/wp\/v2\/users\/2"}],"replies":[{"embeddable":true,"href":"https:\/\/canal7slp.tv\/2026\/wp-json\/wp\/v2\/comments?post=186053"}],"version-history":[{"count":2,"href":"https:\/\/canal7slp.tv\/2026\/wp-json\/wp\/v2\/posts\/186053\/revisions"}],"predecessor-version":[{"id":186086,"href":"https:\/\/canal7slp.tv\/2026\/wp-json\/wp\/v2\/posts\/186053\/revisions\/186086"}],"wp:featuredmedia":[{"embeddable":true,"href":"https:\/\/canal7slp.tv\/2026\/wp-json\/wp\/v2\/media\/186085"}],"wp:attachment":[{"href":"https:\/\/canal7slp.tv\/2026\/wp-json\/wp\/v2\/media?parent=186053"}],"wp:term":[{"taxonomy":"category","embeddable":true,"href":"https:\/\/canal7slp.tv\/2026\/wp-json\/wp\/v2\/categories?post=186053"},{"taxonomy":"post_tag","embeddable":true,"href":"https:\/\/canal7slp.tv\/2026\/wp-json\/wp\/v2\/tags?post=186053"}],"curies":[{"name":"wp","href":"https:\/\/api.w.org\/{rel}","templated":true}]}}