{"id":186052,"date":"2025-11-24T20:43:15","date_gmt":"2025-11-25T02:43:15","guid":{"rendered":"https:\/\/canal7slp.tv\/2026\/?p=186052"},"modified":"2025-11-24T20:43:15","modified_gmt":"2025-11-25T02:43:15","slug":"pri-estatal-anuncia-capacitacion-para-su-militancia","status":"publish","type":"post","link":"https:\/\/canal7slp.tv\/2026\/pri-estatal-anuncia-capacitacion-para-su-militancia\/","title":{"rendered":"PRI estatal anuncia capacitaci\u00f3n para su militancia"},"content":{"rendered":"<p style=\"text-align: justify;\"><span style=\"font-size: 1.21429rem;\">SLP.- Como parte de un programa de profesionalizaci\u00f3n el Comit\u00e9 Directivo Estatal del PRI anunci\u00f3 un curso de capacitaci\u00f3n pol\u00edtica para su militancia.<\/span><\/p>\n<p style=\"text-align: justify;\">El diputado federal destac\u00f3 que el objetivo de este curso de capacitaci\u00f3n es el de preparar los mejores perfiles rumbo a las elecciones del 2027.<\/p>\n<p style=\"text-align: justify;\">Con el lema \u201cFormarse es una responsabilidad con la militancia y con San Luis Potos\u00ed\u201d, se destac\u00f3 que la capacitaci\u00f3n est\u00e1 dirigida a militantes interesados en fortalecer sus capacidades pol\u00edticas y de liderazgo.<\/p>\n<p>Por: Claudio Ibarra<\/p>\n","protected":false},"excerpt":{"rendered":"<p>SLP.- Como parte de un programa de profesionalizaci\u00f3n el Comit\u00e9 Directivo Estatal del PRI anunci\u00f3 un curso de capacitaci\u00f3n pol\u00edtica para su militancia. El diputado federal destac\u00f3 que el objetivo de este curso de capacitaci\u00f3n es el de preparar los mejores perfiles rumbo a las elecciones del 2027. Con el lema \u201cFormarse es una responsabilidad con la militancia y con San Luis Potos\u00ed\u201d, se destac\u00f3 que la capacitaci\u00f3n est\u00e1 dirigida a militantes interesados en fortalecer sus capacidades pol\u00edticas y de liderazgo. Por: Claudio Ibarra<\/p>\n","protected":false},"author":2,"featured_media":186082,"comment_status":"closed","ping_status":"closed","sticky":false,"template":"","format":"video","meta":{"_monsterinsights_skip_tracking":false,"_monsterinsights_sitenote_active":false,"_monsterinsights_sitenote_note":"","_monsterinsights_sitenote_category":0,"footnotes":""},"categories":[5,45],"tags":[],"class_list":["post-186052","post","type-post","status-publish","format-video","has-post-thumbnail","hentry","category-destacadas","category-localesyregionales","post_format-post-format-video","post--single"],"_links":{"self":[{"href":"https:\/\/canal7slp.tv\/2026\/wp-json\/wp\/v2\/posts\/186052","targetHints":{"allow":["GET"]}}],"collection":[{"href":"https:\/\/canal7slp.tv\/2026\/wp-json\/wp\/v2\/posts"}],"about":[{"href":"https:\/\/canal7slp.tv\/2026\/wp-json\/wp\/v2\/types\/post"}],"author":[{"embeddable":true,"href":"https:\/\/canal7slp.tv\/2026\/wp-json\/wp\/v2\/users\/2"}],"replies":[{"embeddable":true,"href":"https:\/\/canal7slp.tv\/2026\/wp-json\/wp\/v2\/comments?post=186052"}],"version-history":[{"count":2,"href":"https:\/\/canal7slp.tv\/2026\/wp-json\/wp\/v2\/posts\/186052\/revisions"}],"predecessor-version":[{"id":186083,"href":"https:\/\/canal7slp.tv\/2026\/wp-json\/wp\/v2\/posts\/186052\/revisions\/186083"}],"wp:featuredmedia":[{"embeddable":true,"href":"https:\/\/canal7slp.tv\/2026\/wp-json\/wp\/v2\/media\/186082"}],"wp:attachment":[{"href":"https:\/\/canal7slp.tv\/2026\/wp-json\/wp\/v2\/media?parent=186052"}],"wp:term":[{"taxonomy":"category","embeddable":true,"href":"https:\/\/canal7slp.tv\/2026\/wp-json\/wp\/v2\/categories?post=186052"},{"taxonomy":"post_tag","embeddable":true,"href":"https:\/\/canal7slp.tv\/2026\/wp-json\/wp\/v2\/tags?post=186052"}],"curies":[{"name":"wp","href":"https:\/\/api.w.org\/{rel}","templated":true}]}}