{"id":186038,"date":"2025-11-24T17:24:18","date_gmt":"2025-11-24T23:24:18","guid":{"rendered":"https:\/\/canal7slp.tv\/2026\/?p=186038"},"modified":"2025-11-24T17:24:18","modified_gmt":"2025-11-24T23:24:18","slug":"colectivos-exigen-aprobacion-de-la-jornada-laboral-de-40-horas","status":"publish","type":"post","link":"https:\/\/canal7slp.tv\/2026\/colectivos-exigen-aprobacion-de-la-jornada-laboral-de-40-horas\/","title":{"rendered":"Colectivos exigen aprobaci\u00f3n de la jornada laboral de 40 horas"},"content":{"rendered":"<p style=\"text-align: justify;\">\n<p style=\"text-align: justify;\">Ciudad de M\u00e9xico.- Colectivos y organizaciones civiles marcharon este domingo en la Ciudad de M\u00e9xico para exigir que el Congreso apruebe de inmediato la reforma que plantea reducir la jornada laboral de 48 a 40 horas semanales. La movilizaci\u00f3n avanz\u00f3 del Z\u00f3calo capitalino al Senado de la Rep\u00fablica y reuni\u00f3 a alrededor de 100 participantes.<\/p>\n<p style=\"text-align: justify;\">Durante el recorrido se registraron actos vand\u00e1licos cometidos por grupos encapuchados, quienes realizaron pintas y causaron da\u00f1os en establecimientos de la calle Madero y en las inmediaciones de la C\u00e1mara Alta. Los organizadores deslindaron a los colectivos convocantes de estas acciones.<\/p>\n<p style=\"text-align: justify;\">Integrantes del Frente Nacional por las 40 Horas criticaron el estancamiento legislativo de la iniciativa y rechazaron que su aplicaci\u00f3n sea gradual. Afirmaron que el retraso refleja una \u201cfalta de voluntad pol\u00edtica\u201d por parte del oficialismo, pese a su mayor\u00eda en el Congreso, y acusaron al partido en el gobierno de representar una \u201ccontinuidad neoliberal\u201d por no responder a las demandas de los trabajadores.<\/p>\n<p style=\"text-align: justify;\">Los manifestantes recordaron que M\u00e9xico figura entre los pa\u00edses con las jornadas laborales m\u00e1s largas del mundo y se\u00f1alaron que esta carga recae principalmente en los trabajadores, quienes, dijeron, enfrentan consecuencias f\u00edsicas y emocionales por la extensi\u00f3n de sus horarios.<\/p>\n","protected":false},"excerpt":{"rendered":"<p>Ciudad de M\u00e9xico.- Colectivos y organizaciones civiles marcharon este domingo en la Ciudad de M\u00e9xico para exigir que el Congreso apruebe de inmediato la reforma que plantea reducir la jornada laboral de 48 a 40 horas semanales. La movilizaci\u00f3n avanz\u00f3 del Z\u00f3calo capitalino al Senado de la Rep\u00fablica y reuni\u00f3 a alrededor de 100 participantes. Durante el recorrido se registraron actos vand\u00e1licos cometidos por grupos encapuchados, quienes realizaron pintas y causaron da\u00f1os en establecimientos de la calle Madero y en las inmediaciones de la C\u00e1mara Alta. Los organizadores deslindaron a los colectivos convocantes de estas acciones. Integrantes del Frente Nacional [&hellip;]<\/p>\n","protected":false},"author":2,"featured_media":186039,"comment_status":"closed","ping_status":"closed","sticky":false,"template":"","format":"standard","meta":{"_monsterinsights_skip_tracking":false,"_monsterinsights_sitenote_active":false,"_monsterinsights_sitenote_note":"","_monsterinsights_sitenote_category":0,"footnotes":""},"categories":[46],"tags":[],"class_list":["post-186038","post","type-post","status-publish","format-standard","has-post-thumbnail","hentry","category-nacional","post--single"],"_links":{"self":[{"href":"https:\/\/canal7slp.tv\/2026\/wp-json\/wp\/v2\/posts\/186038","targetHints":{"allow":["GET"]}}],"collection":[{"href":"https:\/\/canal7slp.tv\/2026\/wp-json\/wp\/v2\/posts"}],"about":[{"href":"https:\/\/canal7slp.tv\/2026\/wp-json\/wp\/v2\/types\/post"}],"author":[{"embeddable":true,"href":"https:\/\/canal7slp.tv\/2026\/wp-json\/wp\/v2\/users\/2"}],"replies":[{"embeddable":true,"href":"https:\/\/canal7slp.tv\/2026\/wp-json\/wp\/v2\/comments?post=186038"}],"version-history":[{"count":2,"href":"https:\/\/canal7slp.tv\/2026\/wp-json\/wp\/v2\/posts\/186038\/revisions"}],"predecessor-version":[{"id":186041,"href":"https:\/\/canal7slp.tv\/2026\/wp-json\/wp\/v2\/posts\/186038\/revisions\/186041"}],"wp:featuredmedia":[{"embeddable":true,"href":"https:\/\/canal7slp.tv\/2026\/wp-json\/wp\/v2\/media\/186039"}],"wp:attachment":[{"href":"https:\/\/canal7slp.tv\/2026\/wp-json\/wp\/v2\/media?parent=186038"}],"wp:term":[{"taxonomy":"category","embeddable":true,"href":"https:\/\/canal7slp.tv\/2026\/wp-json\/wp\/v2\/categories?post=186038"},{"taxonomy":"post_tag","embeddable":true,"href":"https:\/\/canal7slp.tv\/2026\/wp-json\/wp\/v2\/tags?post=186038"}],"curies":[{"name":"wp","href":"https:\/\/api.w.org\/{rel}","templated":true}]}}