{"id":186031,"date":"2025-11-24T16:37:21","date_gmt":"2025-11-24T22:37:21","guid":{"rendered":"https:\/\/canal7slp.tv\/2026\/?p=186031"},"modified":"2025-11-24T16:37:21","modified_gmt":"2025-11-24T22:37:21","slug":"detienen-a-presunto-reclutador-de-sicarios-vinculado-a-homicidio-de-carlos-manzo","status":"publish","type":"post","link":"https:\/\/canal7slp.tv\/2026\/detienen-a-presunto-reclutador-de-sicarios-vinculado-a-homicidio-de-carlos-manzo\/","title":{"rendered":"Detienen a presunto reclutador de sicarios vinculado a homicidio de Carlos Manzo"},"content":{"rendered":"<p style=\"text-align: justify;\">M\u00e9xico.- Autoridades federales y estatales informaron la detenci\u00f3n de Jaciel Antonio \u201cN\u201d, alias El Pel\u00f3n, se\u00f1alado por presuntamente reclutar a personas en centros de rehabilitaci\u00f3n para integrarlas a grupos delictivos, entre ellas dos de las involucradas en el homicidio del alcalde de Uruapan, Carlos Manzo.<\/p>\n<p style=\"text-align: justify;\">El secretario de Seguridad y Protecci\u00f3n Ciudadana, Omar Garc\u00eda Harfuch, destac\u00f3 que esta captura forma parte de los avances en las investigaciones del caso.<\/p>\n<p style=\"text-align: justify;\">El gobernador de Michoac\u00e1n, Alfredo Ram\u00edrez Bedolla, subray\u00f3 la coordinaci\u00f3n entre los distintos niveles de gobierno y asegur\u00f3 que contin\u00faan varias l\u00edneas de investigaci\u00f3n abiertas.<\/p>\n<p style=\"text-align: justify;\">Entre ellas se encuentran las relacionadas con los siete escoltas del edil y con Jorge Armando \u201cN\u201d, identificado como presunto operador del C\u00e1rtel Jalisco Nueva Generaci\u00f3n, cuyas audiencias de vinculaci\u00f3n a proceso est\u00e1n programadas para el pr\u00f3ximo mi\u00e9rcoles.<\/p>\n<p style=\"text-align: justify;\">Las autoridades expresaron confianza en que los detenidos ser\u00e1n vinculados a proceso bajo prisi\u00f3n preventiva, al tiempo que se\u00f1alaron la preocupaci\u00f3n por la posible infiltraci\u00f3n de grupos criminales en el equipo de seguridad del alcalde.<\/p>\n","protected":false},"excerpt":{"rendered":"<p>M\u00e9xico.- Autoridades federales y estatales informaron la detenci\u00f3n de Jaciel Antonio \u201cN\u201d, alias El Pel\u00f3n, se\u00f1alado por presuntamente reclutar a personas en centros de rehabilitaci\u00f3n para integrarlas a grupos delictivos, entre ellas dos de las involucradas en el homicidio del alcalde de Uruapan, Carlos Manzo. El secretario de Seguridad y Protecci\u00f3n Ciudadana, Omar Garc\u00eda Harfuch, destac\u00f3 que esta captura forma parte de los avances en las investigaciones del caso. El gobernador de Michoac\u00e1n, Alfredo Ram\u00edrez Bedolla, subray\u00f3 la coordinaci\u00f3n entre los distintos niveles de gobierno y asegur\u00f3 que contin\u00faan varias l\u00edneas de investigaci\u00f3n abiertas. Entre ellas se encuentran las relacionadas [&hellip;]<\/p>\n","protected":false},"author":2,"featured_media":186032,"comment_status":"closed","ping_status":"closed","sticky":false,"template":"","format":"standard","meta":{"_monsterinsights_skip_tracking":false,"_monsterinsights_sitenote_active":false,"_monsterinsights_sitenote_note":"","_monsterinsights_sitenote_category":0,"footnotes":""},"categories":[46],"tags":[],"class_list":["post-186031","post","type-post","status-publish","format-standard","has-post-thumbnail","hentry","category-nacional","post--single"],"_links":{"self":[{"href":"https:\/\/canal7slp.tv\/2026\/wp-json\/wp\/v2\/posts\/186031","targetHints":{"allow":["GET"]}}],"collection":[{"href":"https:\/\/canal7slp.tv\/2026\/wp-json\/wp\/v2\/posts"}],"about":[{"href":"https:\/\/canal7slp.tv\/2026\/wp-json\/wp\/v2\/types\/post"}],"author":[{"embeddable":true,"href":"https:\/\/canal7slp.tv\/2026\/wp-json\/wp\/v2\/users\/2"}],"replies":[{"embeddable":true,"href":"https:\/\/canal7slp.tv\/2026\/wp-json\/wp\/v2\/comments?post=186031"}],"version-history":[{"count":1,"href":"https:\/\/canal7slp.tv\/2026\/wp-json\/wp\/v2\/posts\/186031\/revisions"}],"predecessor-version":[{"id":186033,"href":"https:\/\/canal7slp.tv\/2026\/wp-json\/wp\/v2\/posts\/186031\/revisions\/186033"}],"wp:featuredmedia":[{"embeddable":true,"href":"https:\/\/canal7slp.tv\/2026\/wp-json\/wp\/v2\/media\/186032"}],"wp:attachment":[{"href":"https:\/\/canal7slp.tv\/2026\/wp-json\/wp\/v2\/media?parent=186031"}],"wp:term":[{"taxonomy":"category","embeddable":true,"href":"https:\/\/canal7slp.tv\/2026\/wp-json\/wp\/v2\/categories?post=186031"},{"taxonomy":"post_tag","embeddable":true,"href":"https:\/\/canal7slp.tv\/2026\/wp-json\/wp\/v2\/tags?post=186031"}],"curies":[{"name":"wp","href":"https:\/\/api.w.org\/{rel}","templated":true}]}}