{"id":185998,"date":"2025-11-24T14:43:45","date_gmt":"2025-11-24T20:43:45","guid":{"rendered":"https:\/\/canal7slp.tv\/2026\/?p=185998"},"modified":"2025-11-24T14:43:45","modified_gmt":"2025-11-24T20:43:45","slug":"congreso-de-la-cdmx-creara-comision-para-investigar-eventos-ocurridos-durante-marcha-del-15-de-noviembre","status":"publish","type":"post","link":"https:\/\/canal7slp.tv\/2026\/congreso-de-la-cdmx-creara-comision-para-investigar-eventos-ocurridos-durante-marcha-del-15-de-noviembre\/","title":{"rendered":"Congreso de la CDMX crear\u00e1 comisi\u00f3n para investigar eventos ocurridos durante marcha del 15 de noviembre"},"content":{"rendered":"<p style=\"text-align: justify;\">Ciudad de M\u00e9xico.- El Congreso de la Ciudad de M\u00e9xico instalar\u00e1 una Comisi\u00f3n Especial de Seguimiento para atender las investigaciones relacionadas con los hechos registrados durante la manifestaci\u00f3n del 15 de noviembre en el Z\u00f3calo.<\/p>\n<p style=\"text-align: justify;\">De acuerdo con X\u00f3chitl Bravo, coordinadora del grupo parlamentario de Morena, el \u00f3rgano estar\u00e1 conformado por representantes de todas las fuerzas pol\u00edticas y contar\u00e1 con la facultad de citar a servidores p\u00fablicos involucrados en los acontecimientos.<\/p>\n<p style=\"text-align: justify;\">Bravo asegur\u00f3 que la intenci\u00f3n no es convertir el proceso en una persecuci\u00f3n pol\u00edtica, sino garantizar una revisi\u00f3n transparente que permita esclarecer lo ocurrido.<\/p>\n<p style=\"text-align: justify;\">Tambi\u00e9n rechaz\u00f3 que la polic\u00eda capitalina haya incurrido en actos de represi\u00f3n y calific\u00f3 su intervenci\u00f3n como acciones de contenci\u00f3n.<\/p>\n<p style=\"text-align: justify;\">La legisladora se\u00f1al\u00f3 adem\u00e1s que se recibieron reportes sobre presuntas presiones ejercidas a comerciantes para participar en la movilizaci\u00f3n.<\/p>\n<p style=\"text-align: justify;\">La conformaci\u00f3n de esta comisi\u00f3n fue aprobada la semana pasada mediante un Punto de Acuerdo que, entre otras disposiciones, solicita que los alcaldes Alessandra Rojo de la Vega y Mauricio Tabe soliciten licencia mientras se llevan a cabo las indagatorias.<\/p>\n","protected":false},"excerpt":{"rendered":"<p>Ciudad de M\u00e9xico.- El Congreso de la Ciudad de M\u00e9xico instalar\u00e1 una Comisi\u00f3n Especial de Seguimiento para atender las investigaciones relacionadas con los hechos registrados durante la manifestaci\u00f3n del 15 de noviembre en el Z\u00f3calo. De acuerdo con X\u00f3chitl Bravo, coordinadora del grupo parlamentario de Morena, el \u00f3rgano estar\u00e1 conformado por representantes de todas las fuerzas pol\u00edticas y contar\u00e1 con la facultad de citar a servidores p\u00fablicos involucrados en los acontecimientos. Bravo asegur\u00f3 que la intenci\u00f3n no es convertir el proceso en una persecuci\u00f3n pol\u00edtica, sino garantizar una revisi\u00f3n transparente que permita esclarecer lo ocurrido. Tambi\u00e9n rechaz\u00f3 que la polic\u00eda [&hellip;]<\/p>\n","protected":false},"author":2,"featured_media":186003,"comment_status":"closed","ping_status":"closed","sticky":false,"template":"","format":"standard","meta":{"_monsterinsights_skip_tracking":false,"_monsterinsights_sitenote_active":false,"_monsterinsights_sitenote_note":"","_monsterinsights_sitenote_category":0,"footnotes":""},"categories":[46],"tags":[],"class_list":["post-185998","post","type-post","status-publish","format-standard","has-post-thumbnail","hentry","category-nacional","post--single"],"_links":{"self":[{"href":"https:\/\/canal7slp.tv\/2026\/wp-json\/wp\/v2\/posts\/185998","targetHints":{"allow":["GET"]}}],"collection":[{"href":"https:\/\/canal7slp.tv\/2026\/wp-json\/wp\/v2\/posts"}],"about":[{"href":"https:\/\/canal7slp.tv\/2026\/wp-json\/wp\/v2\/types\/post"}],"author":[{"embeddable":true,"href":"https:\/\/canal7slp.tv\/2026\/wp-json\/wp\/v2\/users\/2"}],"replies":[{"embeddable":true,"href":"https:\/\/canal7slp.tv\/2026\/wp-json\/wp\/v2\/comments?post=185998"}],"version-history":[{"count":1,"href":"https:\/\/canal7slp.tv\/2026\/wp-json\/wp\/v2\/posts\/185998\/revisions"}],"predecessor-version":[{"id":186004,"href":"https:\/\/canal7slp.tv\/2026\/wp-json\/wp\/v2\/posts\/185998\/revisions\/186004"}],"wp:featuredmedia":[{"embeddable":true,"href":"https:\/\/canal7slp.tv\/2026\/wp-json\/wp\/v2\/media\/186003"}],"wp:attachment":[{"href":"https:\/\/canal7slp.tv\/2026\/wp-json\/wp\/v2\/media?parent=185998"}],"wp:term":[{"taxonomy":"category","embeddable":true,"href":"https:\/\/canal7slp.tv\/2026\/wp-json\/wp\/v2\/categories?post=185998"},{"taxonomy":"post_tag","embeddable":true,"href":"https:\/\/canal7slp.tv\/2026\/wp-json\/wp\/v2\/tags?post=185998"}],"curies":[{"name":"wp","href":"https:\/\/api.w.org\/{rel}","templated":true}]}}