{"id":185965,"date":"2025-11-24T07:24:22","date_gmt":"2025-11-24T13:24:22","guid":{"rendered":"https:\/\/canal7slp.tv\/2026\/?p=185965"},"modified":"2025-11-24T07:40:53","modified_gmt":"2025-11-24T13:40:53","slug":"con-tendedero-we-r-women-on-fire-exige-en-slp-justicia-ante-violencia-feminicida","status":"publish","type":"post","link":"https:\/\/canal7slp.tv\/2026\/con-tendedero-we-r-women-on-fire-exige-en-slp-justicia-ante-violencia-feminicida\/","title":{"rendered":"Con tendedero We R Women on Fire exige en SLP justicia ante violencia feminicida"},"content":{"rendered":"<p style=\"text-align: justify;\">Una concentraci\u00f3n pac\u00edfica para recordar a las mujeres v\u00edctimas de violencia feminicida en la Rep\u00fablica Mexicana se efectu\u00f3 este fin de semana en la capital potosina.<\/p>\n<p style=\"text-align: justify;\">Cerca del D\u00eda Internacional de la Eliminaci\u00f3n de la Violencia contra la Mujer, integrantes de la colectiva We R Women on Fire colocaron un tendedero con fotograf\u00edas y descripci\u00f3n de las circunstancias.<\/p>\n<p style=\"text-align: justify;\">Fue en la Plaza de Armas, espec\u00edficamente a la altura del memorial para las v\u00edctimas de feminicidio, donde acomodaron las fotograf\u00edas que inclu\u00edan a ni\u00f1as y mujeres de distintas edades.<\/p>\n<p style=\"text-align: justify;\">Alexia -embajadora de la colectiva- emiti\u00f3 un mensaje sobre el acto.<\/p>\n<p style=\"text-align: justify;\">Se refiri\u00f3 al papel de las autoridades en las investigaciones y la percepci\u00f3n de riesgo que mantienen las mujeres.<\/p>\n","protected":false},"excerpt":{"rendered":"<p>Una concentraci\u00f3n pac\u00edfica para recordar a las mujeres v\u00edctimas de violencia feminicida en la Rep\u00fablica Mexicana se efectu\u00f3 este fin de semana en la capital potosina. Cerca del D\u00eda Internacional de la Eliminaci\u00f3n de la Violencia contra la Mujer, integrantes de la colectiva We R Women on Fire colocaron un tendedero con fotograf\u00edas y descripci\u00f3n de las circunstancias. Fue en la Plaza de Armas, espec\u00edficamente a la altura del memorial para las v\u00edctimas de feminicidio, donde acomodaron las fotograf\u00edas que inclu\u00edan a ni\u00f1as y mujeres de distintas edades. Alexia -embajadora de la colectiva- emiti\u00f3 un mensaje sobre el acto. Se [&hellip;]<\/p>\n","protected":false},"author":1,"featured_media":185966,"comment_status":"closed","ping_status":"closed","sticky":false,"template":"","format":"video","meta":{"_monsterinsights_skip_tracking":false,"_monsterinsights_sitenote_active":false,"_monsterinsights_sitenote_note":"","_monsterinsights_sitenote_category":0,"footnotes":""},"categories":[5,45],"tags":[],"class_list":["post-185965","post","type-post","status-publish","format-video","has-post-thumbnail","hentry","category-destacadas","category-localesyregionales","post_format-post-format-video","post--single"],"_links":{"self":[{"href":"https:\/\/canal7slp.tv\/2026\/wp-json\/wp\/v2\/posts\/185965","targetHints":{"allow":["GET"]}}],"collection":[{"href":"https:\/\/canal7slp.tv\/2026\/wp-json\/wp\/v2\/posts"}],"about":[{"href":"https:\/\/canal7slp.tv\/2026\/wp-json\/wp\/v2\/types\/post"}],"author":[{"embeddable":true,"href":"https:\/\/canal7slp.tv\/2026\/wp-json\/wp\/v2\/users\/1"}],"replies":[{"embeddable":true,"href":"https:\/\/canal7slp.tv\/2026\/wp-json\/wp\/v2\/comments?post=185965"}],"version-history":[{"count":1,"href":"https:\/\/canal7slp.tv\/2026\/wp-json\/wp\/v2\/posts\/185965\/revisions"}],"predecessor-version":[{"id":185967,"href":"https:\/\/canal7slp.tv\/2026\/wp-json\/wp\/v2\/posts\/185965\/revisions\/185967"}],"wp:featuredmedia":[{"embeddable":true,"href":"https:\/\/canal7slp.tv\/2026\/wp-json\/wp\/v2\/media\/185966"}],"wp:attachment":[{"href":"https:\/\/canal7slp.tv\/2026\/wp-json\/wp\/v2\/media?parent=185965"}],"wp:term":[{"taxonomy":"category","embeddable":true,"href":"https:\/\/canal7slp.tv\/2026\/wp-json\/wp\/v2\/categories?post=185965"},{"taxonomy":"post_tag","embeddable":true,"href":"https:\/\/canal7slp.tv\/2026\/wp-json\/wp\/v2\/tags?post=185965"}],"curies":[{"name":"wp","href":"https:\/\/api.w.org\/{rel}","templated":true}]}}