{"id":185961,"date":"2025-11-23T18:54:32","date_gmt":"2025-11-24T00:54:32","guid":{"rendered":"https:\/\/canal7slp.tv\/2026\/?p=185961"},"modified":"2025-11-24T07:42:36","modified_gmt":"2025-11-24T13:42:36","slug":"frente-por-las-40-horas-realizo-expresion-cultural-en-favor-de-reducir-la-jornada","status":"publish","type":"post","link":"https:\/\/canal7slp.tv\/2026\/frente-por-las-40-horas-realizo-expresion-cultural-en-favor-de-reducir-la-jornada\/","title":{"rendered":"Frente por las 40 horas realiz\u00f3 expresi\u00f3n cultural en favor de reducir la jornada"},"content":{"rendered":"<p style=\"text-align: justify;\">El Frente Nacional por las 40 Horas realiz\u00f3 una actividad pol\u00edtico-cultural debido al \u201ccongelamiento\u201d de la iniciativa que busca la reducci\u00f3n de la jornada laboral de 48 horas a la semana a 40.<\/p>\n<p style=\"text-align: justify;\">\u201cEs importante mencionar que esta movilizaci\u00f3n se da a nivel nacional, se da en distintas ciudades de los diferentes estados de la Rep\u00fablica Mexicana para exigir a los legisladores federales, locales y las secretar\u00edas correspondientes la aprobaci\u00f3n de esta reforma\u201d.<\/p>\n<p style=\"text-align: justify;\">La Plaza del Carmen fue el sitio donde se realiz\u00f3 la expresi\u00f3n cultural de protesta.<\/p>\n<p style=\"text-align: justify;\">\u201cMorena no ha alcanzado a cumplir sus promesas y tampoco a garantizar un verdadero cambio (\u2026) que la 4T no logra dar soluciones, no solo porque nunca se lo propuso, sino porque tampoco lo quiso\u201d.<\/p>\n<p style=\"text-align: justify;\">Recordaron la lucha que el frente ha generado en favor de la disminuci\u00f3n.<\/p>\n<p style=\"text-align: justify;\">\u201cLlevamos ya dos a\u00f1os de lucha constante por la reducci\u00f3n de la jornada laboral a 40 horas y no son pocas las 27 iniciativas que se han presentado a nivel federal y estatal en materia de jornada laboral desde 2017\u201d.<\/p>\n<p style=\"text-align: justify;\">El colectivo realiz\u00f3 performance, coloc\u00f3 mantas, carteles e invit\u00f3 a la poblaci\u00f3n que transitaba por la zona a conocer el tema a profundidad.<\/p>\n","protected":false},"excerpt":{"rendered":"<p>El Frente Nacional por las 40 Horas realiz\u00f3 una actividad pol\u00edtico-cultural debido al \u201ccongelamiento\u201d de la iniciativa que busca la reducci\u00f3n de la jornada laboral de 48 horas a la semana a 40. \u201cEs importante mencionar que esta movilizaci\u00f3n se da a nivel nacional, se da en distintas ciudades de los diferentes estados de la Rep\u00fablica Mexicana para exigir a los legisladores federales, locales y las secretar\u00edas correspondientes la aprobaci\u00f3n de esta reforma\u201d. La Plaza del Carmen fue el sitio donde se realiz\u00f3 la expresi\u00f3n cultural de protesta. \u201cMorena no ha alcanzado a cumplir sus promesas y tampoco a garantizar [&hellip;]<\/p>\n","protected":false},"author":1,"featured_media":185962,"comment_status":"closed","ping_status":"closed","sticky":false,"template":"","format":"video","meta":{"_monsterinsights_skip_tracking":false,"_monsterinsights_sitenote_active":false,"_monsterinsights_sitenote_note":"","_monsterinsights_sitenote_category":0,"footnotes":""},"categories":[5,45],"tags":[],"class_list":["post-185961","post","type-post","status-publish","format-video","has-post-thumbnail","hentry","category-destacadas","category-localesyregionales","post_format-post-format-video","post--single"],"_links":{"self":[{"href":"https:\/\/canal7slp.tv\/2026\/wp-json\/wp\/v2\/posts\/185961","targetHints":{"allow":["GET"]}}],"collection":[{"href":"https:\/\/canal7slp.tv\/2026\/wp-json\/wp\/v2\/posts"}],"about":[{"href":"https:\/\/canal7slp.tv\/2026\/wp-json\/wp\/v2\/types\/post"}],"author":[{"embeddable":true,"href":"https:\/\/canal7slp.tv\/2026\/wp-json\/wp\/v2\/users\/1"}],"replies":[{"embeddable":true,"href":"https:\/\/canal7slp.tv\/2026\/wp-json\/wp\/v2\/comments?post=185961"}],"version-history":[{"count":1,"href":"https:\/\/canal7slp.tv\/2026\/wp-json\/wp\/v2\/posts\/185961\/revisions"}],"predecessor-version":[{"id":185963,"href":"https:\/\/canal7slp.tv\/2026\/wp-json\/wp\/v2\/posts\/185961\/revisions\/185963"}],"wp:featuredmedia":[{"embeddable":true,"href":"https:\/\/canal7slp.tv\/2026\/wp-json\/wp\/v2\/media\/185962"}],"wp:attachment":[{"href":"https:\/\/canal7slp.tv\/2026\/wp-json\/wp\/v2\/media?parent=185961"}],"wp:term":[{"taxonomy":"category","embeddable":true,"href":"https:\/\/canal7slp.tv\/2026\/wp-json\/wp\/v2\/categories?post=185961"},{"taxonomy":"post_tag","embeddable":true,"href":"https:\/\/canal7slp.tv\/2026\/wp-json\/wp\/v2\/tags?post=185961"}],"curies":[{"name":"wp","href":"https:\/\/api.w.org\/{rel}","templated":true}]}}