{"id":185948,"date":"2025-11-23T18:00:57","date_gmt":"2025-11-24T00:00:57","guid":{"rendered":"https:\/\/canal7slp.tv\/2026\/?p=185948"},"modified":"2025-11-23T13:01:07","modified_gmt":"2025-11-23T19:01:07","slug":"miles-de-jovenes-marchan-con-la-bandera-de-la-generacion-z-y-se-enfrentan-a-la-policia-en-el-zocalo-17-000-personas-protestaron-contra-la-violencia-y-la-corrupcion","status":"publish","type":"post","link":"https:\/\/canal7slp.tv\/2026\/miles-de-jovenes-marchan-con-la-bandera-de-la-generacion-z-y-se-enfrentan-a-la-policia-en-el-zocalo-17-000-personas-protestaron-contra-la-violencia-y-la-corrupcion\/","title":{"rendered":"Miles de j\u00f3venes marchan con la bandera de la \u201cGeneraci\u00f3n Z\u201d y se enfrentan a la polic\u00eda en el Z\u00f3calo: 17 000 personas protestaron contra la violencia y la corrupci\u00f3n"},"content":{"rendered":"<p style=\"text-align: justify;\" data-start=\"361\" data-end=\"788\">Este s\u00e1bado miles de personas se congregaron frente al Z\u00f3calo de la Ciudad de M\u00e9xico para una marcha convocada bajo la etiqueta \u201cGeneraci\u00f3n Z\u201d; en la capital se estim\u00f3 la participaci\u00f3n en aproximadamente <strong data-start=\"565\" data-end=\"589\">17 000 manifestantes<\/strong>.<\/p>\n<p style=\"text-align: justify;\" data-start=\"361\" data-end=\"788\">La movilizaci\u00f3n, que surgi\u00f3 como protesta contra la violencia, la impunidad y la falta de oportunidades juveniles, sigue escalando en repercusi\u00f3n nacional.<\/p>\n<p style=\"text-align: justify;\" data-start=\"790\" data-end=\"1302\">La marcha comenz\u00f3 de forma pac\u00edfica, con consignas como <em data-start=\"846\" data-end=\"872\">\u201cYa basta de corrupci\u00f3n\u201d<\/em> y <em data-start=\"875\" data-end=\"904\">\u201cJusticia para los j\u00f3venes\u201d<\/em>, pero las cosas dieron un giro cuando un bloque con capuchas logr\u00f3 derribar vallas de contenci\u00f3n y se registraron enfrentamientos entre agentes de la polic\u00eda capitalina y grupos de manifestantes.<\/p>\n<p style=\"text-align: justify;\" data-start=\"790\" data-end=\"1302\">Seg\u00fan datos oficiales, al menos <strong data-start=\"1133\" data-end=\"1172\">100 polic\u00edas resultaron lesionados<\/strong>, de los cuales 40 requirieron hospitalizaci\u00f3n. Tambi\u00e9n se registraron <strong data-start=\"1243\" data-end=\"1261\">20 detenciones<\/strong>.<\/p>\n<p style=\"text-align: justify;\" data-start=\"1304\" data-end=\"1805\">El detonante de la movilizaci\u00f3n fue el reciente asesinato del alcalde de Uruapan, Carlos Manzo, quien hab\u00eda denunciado p\u00fablicamente la inacci\u00f3n gubernamental ante el crimen organizado.<\/p>\n<p style=\"text-align: justify;\" data-start=\"1304\" data-end=\"1805\">La jefatura de Gobierno afirm\u00f3 que se investigar\u00e1n posibles abusos durante el operativo policial; ya se abrieron procesos administrativos internos tras constatarse 18 incidentes que podr\u00edan constituir uso excesivo de la fuerza policial.<\/p>\n<p style=\"text-align: justify;\" data-start=\"1807\" data-end=\"2263\">Mientras tanto, el colectivo \u2014autodenominado sin afiliaci\u00f3n partidista\u2014 asegura que su lucha es independiente pero cr\u00edticos del gobierno de Claudia Sheinbaum lo acusan de querer politizar la movilizaci\u00f3n.<\/p>\n<p style=\"text-align: justify;\" data-start=\"1807\" data-end=\"2263\">La marcha pone bajo la lupa la <strong data-start=\"2083\" data-end=\"2115\">crisis de seguridad nacional<\/strong>, la juventud que no encuentra espacios, y las redes sociales como catalizadoras de movimientos que mezclan indignaci\u00f3n, cultura digital y pol\u00edtica.<\/p>\n","protected":false},"excerpt":{"rendered":"<p>Este s\u00e1bado miles de personas se congregaron frente al Z\u00f3calo de la Ciudad de M\u00e9xico para una marcha convocada bajo la etiqueta \u201cGeneraci\u00f3n Z\u201d; en la capital se estim\u00f3 la participaci\u00f3n en aproximadamente 17 000 manifestantes. La movilizaci\u00f3n, que surgi\u00f3 como protesta contra la violencia, la impunidad y la falta de oportunidades juveniles, sigue escalando en repercusi\u00f3n nacional. La marcha comenz\u00f3 de forma pac\u00edfica, con consignas como \u201cYa basta de corrupci\u00f3n\u201d y \u201cJusticia para los j\u00f3venes\u201d, pero las cosas dieron un giro cuando un bloque con capuchas logr\u00f3 derribar vallas de contenci\u00f3n y se registraron enfrentamientos entre agentes de la [&hellip;]<\/p>\n","protected":false},"author":1,"featured_media":185949,"comment_status":"closed","ping_status":"closed","sticky":false,"template":"","format":"standard","meta":{"_monsterinsights_skip_tracking":false,"_monsterinsights_sitenote_active":false,"_monsterinsights_sitenote_note":"","_monsterinsights_sitenote_category":0,"footnotes":""},"categories":[46],"tags":[],"class_list":["post-185948","post","type-post","status-publish","format-standard","has-post-thumbnail","hentry","category-nacional","post--single"],"_links":{"self":[{"href":"https:\/\/canal7slp.tv\/2026\/wp-json\/wp\/v2\/posts\/185948","targetHints":{"allow":["GET"]}}],"collection":[{"href":"https:\/\/canal7slp.tv\/2026\/wp-json\/wp\/v2\/posts"}],"about":[{"href":"https:\/\/canal7slp.tv\/2026\/wp-json\/wp\/v2\/types\/post"}],"author":[{"embeddable":true,"href":"https:\/\/canal7slp.tv\/2026\/wp-json\/wp\/v2\/users\/1"}],"replies":[{"embeddable":true,"href":"https:\/\/canal7slp.tv\/2026\/wp-json\/wp\/v2\/comments?post=185948"}],"version-history":[{"count":1,"href":"https:\/\/canal7slp.tv\/2026\/wp-json\/wp\/v2\/posts\/185948\/revisions"}],"predecessor-version":[{"id":185950,"href":"https:\/\/canal7slp.tv\/2026\/wp-json\/wp\/v2\/posts\/185948\/revisions\/185950"}],"wp:featuredmedia":[{"embeddable":true,"href":"https:\/\/canal7slp.tv\/2026\/wp-json\/wp\/v2\/media\/185949"}],"wp:attachment":[{"href":"https:\/\/canal7slp.tv\/2026\/wp-json\/wp\/v2\/media?parent=185948"}],"wp:term":[{"taxonomy":"category","embeddable":true,"href":"https:\/\/canal7slp.tv\/2026\/wp-json\/wp\/v2\/categories?post=185948"},{"taxonomy":"post_tag","embeddable":true,"href":"https:\/\/canal7slp.tv\/2026\/wp-json\/wp\/v2\/tags?post=185948"}],"curies":[{"name":"wp","href":"https:\/\/api.w.org\/{rel}","templated":true}]}}