{"id":185923,"date":"2025-11-24T10:42:12","date_gmt":"2025-11-24T16:42:12","guid":{"rendered":"https:\/\/canal7slp.tv\/2026\/?p=185923"},"modified":"2025-11-24T10:42:12","modified_gmt":"2025-11-24T16:42:12","slug":"activistas-proponen-una-iniciativa-ciudadana-conocida-como-ley-del-punto-final","status":"publish","type":"post","link":"https:\/\/canal7slp.tv\/2026\/activistas-proponen-una-iniciativa-ciudadana-conocida-como-ley-del-punto-final\/","title":{"rendered":"Activistas proponen una iniciativa ciudadana conocida como Ley del Punto Final"},"content":{"rendered":"<p style=\"text-align: justify;\"><span style=\"font-size: 1.21429rem;\">SLP.- Activistas de diversas organizaciones sociales se reunieron para dar a conocer la creaci\u00f3n de una red \u00f3 frente estatal y nacional de organizaciones sociales de car\u00e1cter popular y representativo, contra lo que llamaron la inacci\u00f3n del estado mexicano ante la actual crisis de violencia que se vive en el pa\u00eds.<\/span><\/p>\n<p style=\"text-align: justify;\">Adem\u00e1s, afirm\u00f3 que en M\u00e9xico existen muchos l\u00edderes sociales que han sido detenidos injustamente y que son privados de su libertad, enfrentando maniobras dilatorias del estado para mantenerlos en prisi\u00f3n y consider\u00e1ndolos un peligro para la sociedad.<\/p>\n<p style=\"text-align: justify;\">En este contexto, el coordinador general de activistas se\u00f1al\u00f3 que m\u00e1s de 40 organizaciones sociales en el pa\u00eds y aproximadamnte 10 registradas en San Luis Potos\u00ed, presentar\u00e1n una iniciativa ciudadana denominada Ley del Punto Final.<\/p>\n<p style=\"text-align: justify;\">Se\u00f1al\u00f3 que esta iniciativa ciudadana propone tambi\u00e9n la creaci\u00f3n de un Tribunal Ciudadano para la revisi\u00f3n de sentencias y la transformaci\u00f3n de las defensor\u00edas de oficio tanto de los estados como de la federaci\u00f3n.<\/p>\n<p>Por: Claudio Ibarra<\/p>\n","protected":false},"excerpt":{"rendered":"<p>SLP.- Activistas de diversas organizaciones sociales se reunieron para dar a conocer la creaci\u00f3n de una red \u00f3 frente estatal y nacional de organizaciones sociales de car\u00e1cter popular y representativo, contra lo que llamaron la inacci\u00f3n del estado mexicano ante la actual crisis de violencia que se vive en el pa\u00eds. Adem\u00e1s, afirm\u00f3 que en M\u00e9xico existen muchos l\u00edderes sociales que han sido detenidos injustamente y que son privados de su libertad, enfrentando maniobras dilatorias del estado para mantenerlos en prisi\u00f3n y consider\u00e1ndolos un peligro para la sociedad. En este contexto, el coordinador general de activistas se\u00f1al\u00f3 que m\u00e1s de [&hellip;]<\/p>\n","protected":false},"author":2,"featured_media":185975,"comment_status":"closed","ping_status":"closed","sticky":false,"template":"","format":"video","meta":{"_monsterinsights_skip_tracking":false,"_monsterinsights_sitenote_active":false,"_monsterinsights_sitenote_note":"","_monsterinsights_sitenote_category":0,"footnotes":""},"categories":[5,45],"tags":[],"class_list":["post-185923","post","type-post","status-publish","format-video","has-post-thumbnail","hentry","category-destacadas","category-localesyregionales","post_format-post-format-video","post--single"],"_links":{"self":[{"href":"https:\/\/canal7slp.tv\/2026\/wp-json\/wp\/v2\/posts\/185923","targetHints":{"allow":["GET"]}}],"collection":[{"href":"https:\/\/canal7slp.tv\/2026\/wp-json\/wp\/v2\/posts"}],"about":[{"href":"https:\/\/canal7slp.tv\/2026\/wp-json\/wp\/v2\/types\/post"}],"author":[{"embeddable":true,"href":"https:\/\/canal7slp.tv\/2026\/wp-json\/wp\/v2\/users\/2"}],"replies":[{"embeddable":true,"href":"https:\/\/canal7slp.tv\/2026\/wp-json\/wp\/v2\/comments?post=185923"}],"version-history":[{"count":2,"href":"https:\/\/canal7slp.tv\/2026\/wp-json\/wp\/v2\/posts\/185923\/revisions"}],"predecessor-version":[{"id":185976,"href":"https:\/\/canal7slp.tv\/2026\/wp-json\/wp\/v2\/posts\/185923\/revisions\/185976"}],"wp:featuredmedia":[{"embeddable":true,"href":"https:\/\/canal7slp.tv\/2026\/wp-json\/wp\/v2\/media\/185975"}],"wp:attachment":[{"href":"https:\/\/canal7slp.tv\/2026\/wp-json\/wp\/v2\/media?parent=185923"}],"wp:term":[{"taxonomy":"category","embeddable":true,"href":"https:\/\/canal7slp.tv\/2026\/wp-json\/wp\/v2\/categories?post=185923"},{"taxonomy":"post_tag","embeddable":true,"href":"https:\/\/canal7slp.tv\/2026\/wp-json\/wp\/v2\/tags?post=185923"}],"curies":[{"name":"wp","href":"https:\/\/api.w.org\/{rel}","templated":true}]}}