{"id":185912,"date":"2025-11-22T12:43:11","date_gmt":"2025-11-22T18:43:11","guid":{"rendered":"https:\/\/canal7slp.tv\/2026\/?p=185912"},"modified":"2025-11-22T12:43:11","modified_gmt":"2025-11-22T18:43:11","slug":"durante-operacion-caudal-autoridades-detienen-a-regidor-de-chalco","status":"publish","type":"post","link":"https:\/\/canal7slp.tv\/2026\/durante-operacion-caudal-autoridades-detienen-a-regidor-de-chalco\/","title":{"rendered":"Durante operaci\u00f3n \u201cCaudal\u201d, autoridades detienen a regidor de Chalco"},"content":{"rendered":"<p style=\"text-align: justify;\">Chalco.- La Fiscal\u00eda General de Justicia del Estado de M\u00e9xico confirm\u00f3 la detenci\u00f3n de Christian Jes\u00fas \u00abN\u00bb, sexto regidor del municipio de Chalco, quien se encontraba reportado como desaparecido desde el 20 de noviembre.<\/p>\n<p style=\"text-align: justify;\">El funcionario municipal fue capturado durante las primeras horas de este viernes en el marco de la segunda fase de la Operaci\u00f3n \u00abCaudal\u00bb. Las autoridades se\u00f1alaron que exist\u00eda una orden de aprehensi\u00f3n en su contra por su presunta participaci\u00f3n en actividades relacionadas con la extracci\u00f3n, distribuci\u00f3n y comercializaci\u00f3n il\u00edcita de agua en la entidad.<\/p>\n<p style=\"text-align: justify;\">Seg\u00fan inform\u00f3 la Fiscal\u00eda, el regidor tambi\u00e9n es investigado por su probable vinculaci\u00f3n con delitos de secuestro, extorsi\u00f3n y despojo. Tras su detenci\u00f3n, fue trasladado al Centro Penitenciario de Nezahualc\u00f3yotl para ser puesto a disposici\u00f3n de las autoridades judiciales.<\/p>\n<p style=\"text-align: justify;\">Previamente, su desaparici\u00f3n hab\u00eda generado manifestaciones de simpatizantes que exig\u00edan su localizaci\u00f3n. El nombre del edil hab\u00eda cobrado relevancia meses atr\u00e1s tras sobrevivir a un atentado en agosto, cuando sujetos en una motocicleta dispararon contra su veh\u00edculo.<\/p>\n","protected":false},"excerpt":{"rendered":"<p>Chalco.- La Fiscal\u00eda General de Justicia del Estado de M\u00e9xico confirm\u00f3 la detenci\u00f3n de Christian Jes\u00fas \u00abN\u00bb, sexto regidor del municipio de Chalco, quien se encontraba reportado como desaparecido desde el 20 de noviembre. El funcionario municipal fue capturado durante las primeras horas de este viernes en el marco de la segunda fase de la Operaci\u00f3n \u00abCaudal\u00bb. Las autoridades se\u00f1alaron que exist\u00eda una orden de aprehensi\u00f3n en su contra por su presunta participaci\u00f3n en actividades relacionadas con la extracci\u00f3n, distribuci\u00f3n y comercializaci\u00f3n il\u00edcita de agua en la entidad. Seg\u00fan inform\u00f3 la Fiscal\u00eda, el regidor tambi\u00e9n es investigado por su probable [&hellip;]<\/p>\n","protected":false},"author":2,"featured_media":185913,"comment_status":"closed","ping_status":"closed","sticky":false,"template":"","format":"standard","meta":{"_monsterinsights_skip_tracking":false,"_monsterinsights_sitenote_active":false,"_monsterinsights_sitenote_note":"","_monsterinsights_sitenote_category":0,"footnotes":""},"categories":[46],"tags":[],"class_list":["post-185912","post","type-post","status-publish","format-standard","has-post-thumbnail","hentry","category-nacional","post--single"],"_links":{"self":[{"href":"https:\/\/canal7slp.tv\/2026\/wp-json\/wp\/v2\/posts\/185912","targetHints":{"allow":["GET"]}}],"collection":[{"href":"https:\/\/canal7slp.tv\/2026\/wp-json\/wp\/v2\/posts"}],"about":[{"href":"https:\/\/canal7slp.tv\/2026\/wp-json\/wp\/v2\/types\/post"}],"author":[{"embeddable":true,"href":"https:\/\/canal7slp.tv\/2026\/wp-json\/wp\/v2\/users\/2"}],"replies":[{"embeddable":true,"href":"https:\/\/canal7slp.tv\/2026\/wp-json\/wp\/v2\/comments?post=185912"}],"version-history":[{"count":1,"href":"https:\/\/canal7slp.tv\/2026\/wp-json\/wp\/v2\/posts\/185912\/revisions"}],"predecessor-version":[{"id":185914,"href":"https:\/\/canal7slp.tv\/2026\/wp-json\/wp\/v2\/posts\/185912\/revisions\/185914"}],"wp:featuredmedia":[{"embeddable":true,"href":"https:\/\/canal7slp.tv\/2026\/wp-json\/wp\/v2\/media\/185913"}],"wp:attachment":[{"href":"https:\/\/canal7slp.tv\/2026\/wp-json\/wp\/v2\/media?parent=185912"}],"wp:term":[{"taxonomy":"category","embeddable":true,"href":"https:\/\/canal7slp.tv\/2026\/wp-json\/wp\/v2\/categories?post=185912"},{"taxonomy":"post_tag","embeddable":true,"href":"https:\/\/canal7slp.tv\/2026\/wp-json\/wp\/v2\/tags?post=185912"}],"curies":[{"name":"wp","href":"https:\/\/api.w.org\/{rel}","templated":true}]}}