{"id":185900,"date":"2025-11-22T10:49:43","date_gmt":"2025-11-22T16:49:43","guid":{"rendered":"https:\/\/canal7slp.tv\/2026\/?p=185900"},"modified":"2025-11-22T10:49:43","modified_gmt":"2025-11-22T16:49:43","slug":"inauguran-estacion-tonala-del-tren-interoceanico-en-chiapas","status":"publish","type":"post","link":"https:\/\/canal7slp.tv\/2026\/inauguran-estacion-tonala-del-tren-interoceanico-en-chiapas\/","title":{"rendered":"Inauguran estaci\u00f3n Tonal\u00e1 del Tren Interoce\u00e1nico en Chiapas"},"content":{"rendered":"<p style=\"text-align: justify;\">Chiapas.- La presidenta Claudia Sheinbaum encabez\u00f3 la inauguraci\u00f3n de la estaci\u00f3n Tonal\u00e1 del Tren Interoce\u00e1nico en Chiapas, como parte de la ampliaci\u00f3n de la L\u00ednea K de este sistema ferroviario.<\/p>\n<p style=\"text-align: justify;\">El proyecto tiene como objetivo conectar los litorales Pac\u00edfico y Atl\u00e1ntico mexicano para el transporte de pasajeros y carga.<\/p>\n<p style=\"text-align: justify;\">Durante el acto, realizado con la presencia de los gobernadores de Chiapas y Oaxaca, se inform\u00f3 que esta ampliaci\u00f3n incluye cuatro nuevas estaciones: Arriaga en Chiapas, Chahuites y Juchit\u00e1n en Oaxaca, con terminal en Ixtepec.<\/p>\n<p style=\"text-align: justify;\">El Corredor Interoce\u00e1nico forma parte de una estrategia de desarrollo regional que contempla, en futuras etapas, la conexi\u00f3n con Guatemala. El proyecto integral incluye adem\u00e1s otras dos rutas: la L\u00ednea Z entre Salina Cruz y Coatzacoalcos, y la L\u00ednea FA hacia la refiner\u00eda Dos Bocas.<\/p>\n<p style=\"text-align: justify;\">Las autoridades destacaron que la obra busca fortalecer la conectividad entre estados del Sur-Sureste y potenciar el movimiento de carga entre puertos mexicanos para el comercio internacional.<\/p>\n","protected":false},"excerpt":{"rendered":"<p>Chiapas.- La presidenta Claudia Sheinbaum encabez\u00f3 la inauguraci\u00f3n de la estaci\u00f3n Tonal\u00e1 del Tren Interoce\u00e1nico en Chiapas, como parte de la ampliaci\u00f3n de la L\u00ednea K de este sistema ferroviario. El proyecto tiene como objetivo conectar los litorales Pac\u00edfico y Atl\u00e1ntico mexicano para el transporte de pasajeros y carga. Durante el acto, realizado con la presencia de los gobernadores de Chiapas y Oaxaca, se inform\u00f3 que esta ampliaci\u00f3n incluye cuatro nuevas estaciones: Arriaga en Chiapas, Chahuites y Juchit\u00e1n en Oaxaca, con terminal en Ixtepec. El Corredor Interoce\u00e1nico forma parte de una estrategia de desarrollo regional que contempla, en futuras etapas, [&hellip;]<\/p>\n","protected":false},"author":2,"featured_media":185901,"comment_status":"closed","ping_status":"closed","sticky":false,"template":"","format":"standard","meta":{"_monsterinsights_skip_tracking":false,"_monsterinsights_sitenote_active":false,"_monsterinsights_sitenote_note":"","_monsterinsights_sitenote_category":0,"footnotes":""},"categories":[46],"tags":[],"class_list":["post-185900","post","type-post","status-publish","format-standard","has-post-thumbnail","hentry","category-nacional","post--single"],"_links":{"self":[{"href":"https:\/\/canal7slp.tv\/2026\/wp-json\/wp\/v2\/posts\/185900","targetHints":{"allow":["GET"]}}],"collection":[{"href":"https:\/\/canal7slp.tv\/2026\/wp-json\/wp\/v2\/posts"}],"about":[{"href":"https:\/\/canal7slp.tv\/2026\/wp-json\/wp\/v2\/types\/post"}],"author":[{"embeddable":true,"href":"https:\/\/canal7slp.tv\/2026\/wp-json\/wp\/v2\/users\/2"}],"replies":[{"embeddable":true,"href":"https:\/\/canal7slp.tv\/2026\/wp-json\/wp\/v2\/comments?post=185900"}],"version-history":[{"count":1,"href":"https:\/\/canal7slp.tv\/2026\/wp-json\/wp\/v2\/posts\/185900\/revisions"}],"predecessor-version":[{"id":185902,"href":"https:\/\/canal7slp.tv\/2026\/wp-json\/wp\/v2\/posts\/185900\/revisions\/185902"}],"wp:featuredmedia":[{"embeddable":true,"href":"https:\/\/canal7slp.tv\/2026\/wp-json\/wp\/v2\/media\/185901"}],"wp:attachment":[{"href":"https:\/\/canal7slp.tv\/2026\/wp-json\/wp\/v2\/media?parent=185900"}],"wp:term":[{"taxonomy":"category","embeddable":true,"href":"https:\/\/canal7slp.tv\/2026\/wp-json\/wp\/v2\/categories?post=185900"},{"taxonomy":"post_tag","embeddable":true,"href":"https:\/\/canal7slp.tv\/2026\/wp-json\/wp\/v2\/tags?post=185900"}],"curies":[{"name":"wp","href":"https:\/\/api.w.org\/{rel}","templated":true}]}}