{"id":185894,"date":"2025-11-22T10:09:36","date_gmt":"2025-11-22T16:09:36","guid":{"rendered":"https:\/\/canal7slp.tv\/2026\/?p=185894"},"modified":"2025-11-22T10:09:36","modified_gmt":"2025-11-22T16:09:36","slug":"jueza-federal-rechaza-libertad-anticipada-de-exgobernador-javier-duarte","status":"publish","type":"post","link":"https:\/\/canal7slp.tv\/2026\/jueza-federal-rechaza-libertad-anticipada-de-exgobernador-javier-duarte\/","title":{"rendered":"Jueza federal rechaza libertad anticipada de exgobernador Javier Duarte"},"content":{"rendered":"<p style=\"text-align: justify;\">Ciudad de M\u00e9xico.- Una jueza federal rechaz\u00f3 la solicitud de libertad anticipada del exgobernador de Veracruz, Javier Duarte de Ochoa, por lo que permanecer\u00e1 en el Reclusorio Norte.<\/p>\n<p style=\"text-align: justify;\">La magistrada determin\u00f3 que no se cumplen los requisitos establecidos en la Ley de Ejecuci\u00f3n Penal, se\u00f1alando que el exfuncionario mantiene un proceso penal vigente.<\/p>\n<p style=\"text-align: justify;\">Duarte enfrenta una acusaci\u00f3n por el delito de desaparici\u00f3n forzada en el caso de un taxista.<\/p>\n<p style=\"text-align: justify;\">Aunque anteriormente un juez hab\u00eda decidido no vincularlo a proceso, la Fiscal\u00eda de Veracruz impugn\u00f3 dicho resolutivo y el caso se encuentra pendiente de resoluci\u00f3n en un Tribunal Superior.<\/p>\n<p style=\"text-align: justify;\">La defensa legal del exgobernador inform\u00f3 que, de no obtener un fallo favorable, analizar\u00eda la posibilidad de interponer un recurso de apelaci\u00f3n.<\/p>\n","protected":false},"excerpt":{"rendered":"<p>Ciudad de M\u00e9xico.- Una jueza federal rechaz\u00f3 la solicitud de libertad anticipada del exgobernador de Veracruz, Javier Duarte de Ochoa, por lo que permanecer\u00e1 en el Reclusorio Norte. La magistrada determin\u00f3 que no se cumplen los requisitos establecidos en la Ley de Ejecuci\u00f3n Penal, se\u00f1alando que el exfuncionario mantiene un proceso penal vigente. Duarte enfrenta una acusaci\u00f3n por el delito de desaparici\u00f3n forzada en el caso de un taxista. Aunque anteriormente un juez hab\u00eda decidido no vincularlo a proceso, la Fiscal\u00eda de Veracruz impugn\u00f3 dicho resolutivo y el caso se encuentra pendiente de resoluci\u00f3n en un Tribunal Superior. La defensa [&hellip;]<\/p>\n","protected":false},"author":2,"featured_media":185895,"comment_status":"closed","ping_status":"closed","sticky":false,"template":"","format":"standard","meta":{"_monsterinsights_skip_tracking":false,"_monsterinsights_sitenote_active":false,"_monsterinsights_sitenote_note":"","_monsterinsights_sitenote_category":0,"footnotes":""},"categories":[46],"tags":[],"class_list":["post-185894","post","type-post","status-publish","format-standard","has-post-thumbnail","hentry","category-nacional","post--single"],"_links":{"self":[{"href":"https:\/\/canal7slp.tv\/2026\/wp-json\/wp\/v2\/posts\/185894","targetHints":{"allow":["GET"]}}],"collection":[{"href":"https:\/\/canal7slp.tv\/2026\/wp-json\/wp\/v2\/posts"}],"about":[{"href":"https:\/\/canal7slp.tv\/2026\/wp-json\/wp\/v2\/types\/post"}],"author":[{"embeddable":true,"href":"https:\/\/canal7slp.tv\/2026\/wp-json\/wp\/v2\/users\/2"}],"replies":[{"embeddable":true,"href":"https:\/\/canal7slp.tv\/2026\/wp-json\/wp\/v2\/comments?post=185894"}],"version-history":[{"count":1,"href":"https:\/\/canal7slp.tv\/2026\/wp-json\/wp\/v2\/posts\/185894\/revisions"}],"predecessor-version":[{"id":185896,"href":"https:\/\/canal7slp.tv\/2026\/wp-json\/wp\/v2\/posts\/185894\/revisions\/185896"}],"wp:featuredmedia":[{"embeddable":true,"href":"https:\/\/canal7slp.tv\/2026\/wp-json\/wp\/v2\/media\/185895"}],"wp:attachment":[{"href":"https:\/\/canal7slp.tv\/2026\/wp-json\/wp\/v2\/media?parent=185894"}],"wp:term":[{"taxonomy":"category","embeddable":true,"href":"https:\/\/canal7slp.tv\/2026\/wp-json\/wp\/v2\/categories?post=185894"},{"taxonomy":"post_tag","embeddable":true,"href":"https:\/\/canal7slp.tv\/2026\/wp-json\/wp\/v2\/tags?post=185894"}],"curies":[{"name":"wp","href":"https:\/\/api.w.org\/{rel}","templated":true}]}}