{"id":185847,"date":"2025-11-21T18:04:39","date_gmt":"2025-11-22T00:04:39","guid":{"rendered":"https:\/\/canal7slp.tv\/2026\/?p=185847"},"modified":"2025-11-21T18:53:35","modified_gmt":"2025-11-22T00:53:35","slug":"canciller-mexicano-se-reune-con-embajador-cubano-por-conclusion-de-mision","status":"publish","type":"post","link":"https:\/\/canal7slp.tv\/2026\/canciller-mexicano-se-reune-con-embajador-cubano-por-conclusion-de-mision\/","title":{"rendered":"Canciller mexicano se re\u00fane con embajador cubano por conclusi\u00f3n de misi\u00f3n"},"content":{"rendered":"<p style=\"text-align: justify;\">M\u00e9xico.- El canciller mexicano Juan Ram\u00f3n de la Fuente sostuvo una reuni\u00f3n con el embajador de Cuba en M\u00e9xico, Marcos Rodr\u00edguez Costa, quien se encuentra pr\u00f3ximo a concluir su misi\u00f3n diplom\u00e1tica de cuatro a\u00f1os en el pa\u00eds.<\/p>\n<p style=\"text-align: justify;\">Durante el encuentro, celebrado en las instalaciones de la Secretar\u00eda de Relaciones Exteriores, el embajador cubano expres\u00f3 su agradecimiento por las atenciones diplom\u00e1ticas recibidas por parte de M\u00e9xico.<\/p>\n<p style=\"text-align: justify;\">Ambos funcionarios acordaron continuar con el fortalecimiento de la relaci\u00f3n bilateral entre ambas naciones, en beneficio de sus pueblos, seg\u00fan inform\u00f3 la dependencia mediante un comunicado oficial.<\/p>\n","protected":false},"excerpt":{"rendered":"<p>M\u00e9xico.- El canciller mexicano Juan Ram\u00f3n de la Fuente sostuvo una reuni\u00f3n con el embajador de Cuba en M\u00e9xico, Marcos Rodr\u00edguez Costa, quien se encuentra pr\u00f3ximo a concluir su misi\u00f3n diplom\u00e1tica de cuatro a\u00f1os en el pa\u00eds. Durante el encuentro, celebrado en las instalaciones de la Secretar\u00eda de Relaciones Exteriores, el embajador cubano expres\u00f3 su agradecimiento por las atenciones diplom\u00e1ticas recibidas por parte de M\u00e9xico. Ambos funcionarios acordaron continuar con el fortalecimiento de la relaci\u00f3n bilateral entre ambas naciones, en beneficio de sus pueblos, seg\u00fan inform\u00f3 la dependencia mediante un comunicado oficial.<\/p>\n","protected":false},"author":2,"featured_media":185848,"comment_status":"closed","ping_status":"closed","sticky":false,"template":"","format":"standard","meta":{"_monsterinsights_skip_tracking":false,"_monsterinsights_sitenote_active":false,"_monsterinsights_sitenote_note":"","_monsterinsights_sitenote_category":0,"footnotes":""},"categories":[46],"tags":[],"class_list":["post-185847","post","type-post","status-publish","format-standard","has-post-thumbnail","hentry","category-nacional","post--single"],"_links":{"self":[{"href":"https:\/\/canal7slp.tv\/2026\/wp-json\/wp\/v2\/posts\/185847","targetHints":{"allow":["GET"]}}],"collection":[{"href":"https:\/\/canal7slp.tv\/2026\/wp-json\/wp\/v2\/posts"}],"about":[{"href":"https:\/\/canal7slp.tv\/2026\/wp-json\/wp\/v2\/types\/post"}],"author":[{"embeddable":true,"href":"https:\/\/canal7slp.tv\/2026\/wp-json\/wp\/v2\/users\/2"}],"replies":[{"embeddable":true,"href":"https:\/\/canal7slp.tv\/2026\/wp-json\/wp\/v2\/comments?post=185847"}],"version-history":[{"count":2,"href":"https:\/\/canal7slp.tv\/2026\/wp-json\/wp\/v2\/posts\/185847\/revisions"}],"predecessor-version":[{"id":185850,"href":"https:\/\/canal7slp.tv\/2026\/wp-json\/wp\/v2\/posts\/185847\/revisions\/185850"}],"wp:featuredmedia":[{"embeddable":true,"href":"https:\/\/canal7slp.tv\/2026\/wp-json\/wp\/v2\/media\/185848"}],"wp:attachment":[{"href":"https:\/\/canal7slp.tv\/2026\/wp-json\/wp\/v2\/media?parent=185847"}],"wp:term":[{"taxonomy":"category","embeddable":true,"href":"https:\/\/canal7slp.tv\/2026\/wp-json\/wp\/v2\/categories?post=185847"},{"taxonomy":"post_tag","embeddable":true,"href":"https:\/\/canal7slp.tv\/2026\/wp-json\/wp\/v2\/tags?post=185847"}],"curies":[{"name":"wp","href":"https:\/\/api.w.org\/{rel}","templated":true}]}}