{"id":185827,"date":"2025-11-21T19:12:59","date_gmt":"2025-11-22T01:12:59","guid":{"rendered":"https:\/\/canal7slp.tv\/2026\/?p=185827"},"modified":"2025-11-21T19:12:59","modified_gmt":"2025-11-22T01:12:59","slug":"gremio-del-autotransporte-de-carga-se-deslinda-de-bloqueo-carretero-anunciado-para-el-proximo-lunes","status":"publish","type":"post","link":"https:\/\/canal7slp.tv\/2026\/gremio-del-autotransporte-de-carga-se-deslinda-de-bloqueo-carretero-anunciado-para-el-proximo-lunes\/","title":{"rendered":"Gremio del autotransporte de carga se deslinda de bloqueo carretero anunciado para el pr\u00f3ximo lunes"},"content":{"rendered":"<p style=\"text-align: justify;\"><span style=\"font-size: 1.21429rem;\">SLP.- El presidente de la Alianza Mexicana de Organizaciones de Transportistas en San Luis Potos\u00ed Ra\u00fal Torres Mendoza, se deslind\u00f3 de los bloqueos carreteros anunciados para este lunes 24 de Noviembre, por parte de una organizaci\u00f3n denominada Asociaci\u00f3n Nacional de Transportistas que dijo desconocer, y del Frente Nacional para el Rescate del Campo Mexicano.<\/span><\/p>\n<p style=\"text-align: justify;\">Al respecto, coment\u00f3 que sostuvo una reuni\u00f3n con el l\u00edder nacional de AMOTAC Rafael Ortiz Pacheco quien le dijo que es una manifestaci\u00f3n de productores agr\u00edcolas y no del gremio de transportistas, y que es a la Federaci\u00f3n a quien le compete intervenir.<\/p>\n<p style=\"text-align: justify;\">Aunque el l\u00edder local de los transportistas dijo solidarizarse con esta movilizaci\u00f3n dijo sin embargo que este bloqueo carretero provocar\u00e1 p\u00e9rdidas millonarias para la industria y para el transporte de carga.<\/p>\n<p style=\"text-align: justify;\">Asimismo, coment\u00f3 que este cierre de carreteras afectar\u00e1 tambi\u00e9n el traslado de miles de pasajeros por las principales carreteras del pa\u00eds, ya que se prev\u00e9 que los bloqueos se realizar\u00e1n en por lo menos 25 estados de la Rep\u00fablica.<\/p>\n<p>Por: Claudio Ibarra<\/p>\n","protected":false},"excerpt":{"rendered":"<p>SLP.- El presidente de la Alianza Mexicana de Organizaciones de Transportistas en San Luis Potos\u00ed Ra\u00fal Torres Mendoza, se deslind\u00f3 de los bloqueos carreteros anunciados para este lunes 24 de Noviembre, por parte de una organizaci\u00f3n denominada Asociaci\u00f3n Nacional de Transportistas que dijo desconocer, y del Frente Nacional para el Rescate del Campo Mexicano. Al respecto, coment\u00f3 que sostuvo una reuni\u00f3n con el l\u00edder nacional de AMOTAC Rafael Ortiz Pacheco quien le dijo que es una manifestaci\u00f3n de productores agr\u00edcolas y no del gremio de transportistas, y que es a la Federaci\u00f3n a quien le compete intervenir. Aunque el l\u00edder [&hellip;]<\/p>\n","protected":false},"author":2,"featured_media":185874,"comment_status":"closed","ping_status":"closed","sticky":false,"template":"","format":"video","meta":{"_monsterinsights_skip_tracking":false,"_monsterinsights_sitenote_active":false,"_monsterinsights_sitenote_note":"","_monsterinsights_sitenote_category":0,"footnotes":""},"categories":[5,45],"tags":[],"class_list":["post-185827","post","type-post","status-publish","format-video","has-post-thumbnail","hentry","category-destacadas","category-localesyregionales","post_format-post-format-video","post--single"],"_links":{"self":[{"href":"https:\/\/canal7slp.tv\/2026\/wp-json\/wp\/v2\/posts\/185827","targetHints":{"allow":["GET"]}}],"collection":[{"href":"https:\/\/canal7slp.tv\/2026\/wp-json\/wp\/v2\/posts"}],"about":[{"href":"https:\/\/canal7slp.tv\/2026\/wp-json\/wp\/v2\/types\/post"}],"author":[{"embeddable":true,"href":"https:\/\/canal7slp.tv\/2026\/wp-json\/wp\/v2\/users\/2"}],"replies":[{"embeddable":true,"href":"https:\/\/canal7slp.tv\/2026\/wp-json\/wp\/v2\/comments?post=185827"}],"version-history":[{"count":2,"href":"https:\/\/canal7slp.tv\/2026\/wp-json\/wp\/v2\/posts\/185827\/revisions"}],"predecessor-version":[{"id":185875,"href":"https:\/\/canal7slp.tv\/2026\/wp-json\/wp\/v2\/posts\/185827\/revisions\/185875"}],"wp:featuredmedia":[{"embeddable":true,"href":"https:\/\/canal7slp.tv\/2026\/wp-json\/wp\/v2\/media\/185874"}],"wp:attachment":[{"href":"https:\/\/canal7slp.tv\/2026\/wp-json\/wp\/v2\/media?parent=185827"}],"wp:term":[{"taxonomy":"category","embeddable":true,"href":"https:\/\/canal7slp.tv\/2026\/wp-json\/wp\/v2\/categories?post=185827"},{"taxonomy":"post_tag","embeddable":true,"href":"https:\/\/canal7slp.tv\/2026\/wp-json\/wp\/v2\/tags?post=185827"}],"curies":[{"name":"wp","href":"https:\/\/api.w.org\/{rel}","templated":true}]}}