{"id":185825,"date":"2025-11-21T18:59:43","date_gmt":"2025-11-22T00:59:43","guid":{"rendered":"https:\/\/canal7slp.tv\/2026\/?p=185825"},"modified":"2025-11-21T18:59:43","modified_gmt":"2025-11-22T00:59:43","slug":"anuncian-agenda-de-actividades-por-el-dia-internacional-de-las-personas-con-discapacidad","status":"publish","type":"post","link":"https:\/\/canal7slp.tv\/2026\/anuncian-agenda-de-actividades-por-el-dia-internacional-de-las-personas-con-discapacidad\/","title":{"rendered":"Anuncian agenda de actividades por el D\u00eda Internacional de las Personas con Discapacidad"},"content":{"rendered":"<p style=\"text-align: justify;\"><span style=\"font-size: 1.21429rem;\">SLP.- El colectivo Movimiento de Personas con Discapacidad de San Luis Potos\u00ed dio a conocer la agenda de actividades, en el marco del D\u00eda Internacional de las Personas con Discapacidad que se conmemorar\u00e1 el pr\u00f3ximo 30 de Noviembre.<\/span><\/p>\n<p style=\"text-align: justify;\">Iniciar\u00e1 con una misa que presidir\u00e1 el Arzobispo de San Luis Potos\u00ed y posteriormente una marcha pac\u00edfica desde el Jard\u00edn de Tequis hasta el Museo Francisco Coss\u00edo, en donde se entregar\u00e1n reconocimientos a los participantes de este evento.<\/p>\n<p style=\"text-align: justify;\">Se busca mediante una red de 40 grupos de enlace distribuidos en todos los estados de la Rep\u00fablica y en por lo menos otros 5 pa\u00edses, empoderar a este sector de la poblaci\u00f3n y promover el respeto a sus derechos.<\/p>\n<p style=\"text-align: justify;\">En esta jornada se abordar\u00e1n los temas de inclusi\u00f3n laboral y vida independiente especialmente de aquellos con discapacidad intelectual, y dentro del espectro autista.<\/p>\n<p style=\"text-align: justify;\">En el marco de esta conferencia de prensa se destac\u00f3 la importancia de las consultas ciudadanas en el tema de la discapacidad, en cualquier reforma a la ley que pudiera entrar en vigor tanto en lo nacional como en lo local.<\/p>\n<p style=\"text-align: justify;\">Por: Claudio Ibarra<\/p>\n","protected":false},"excerpt":{"rendered":"<p>SLP.- El colectivo Movimiento de Personas con Discapacidad de San Luis Potos\u00ed dio a conocer la agenda de actividades, en el marco del D\u00eda Internacional de las Personas con Discapacidad que se conmemorar\u00e1 el pr\u00f3ximo 30 de Noviembre. Iniciar\u00e1 con una misa que presidir\u00e1 el Arzobispo de San Luis Potos\u00ed y posteriormente una marcha pac\u00edfica desde el Jard\u00edn de Tequis hasta el Museo Francisco Coss\u00edo, en donde se entregar\u00e1n reconocimientos a los participantes de este evento. Se busca mediante una red de 40 grupos de enlace distribuidos en todos los estados de la Rep\u00fablica y en por lo menos otros [&hellip;]<\/p>\n","protected":false},"author":2,"featured_media":185868,"comment_status":"closed","ping_status":"closed","sticky":false,"template":"","format":"video","meta":{"_monsterinsights_skip_tracking":false,"_monsterinsights_sitenote_active":false,"_monsterinsights_sitenote_note":"","_monsterinsights_sitenote_category":0,"footnotes":""},"categories":[5,45],"tags":[],"class_list":["post-185825","post","type-post","status-publish","format-video","has-post-thumbnail","hentry","category-destacadas","category-localesyregionales","post_format-post-format-video","post--single"],"_links":{"self":[{"href":"https:\/\/canal7slp.tv\/2026\/wp-json\/wp\/v2\/posts\/185825","targetHints":{"allow":["GET"]}}],"collection":[{"href":"https:\/\/canal7slp.tv\/2026\/wp-json\/wp\/v2\/posts"}],"about":[{"href":"https:\/\/canal7slp.tv\/2026\/wp-json\/wp\/v2\/types\/post"}],"author":[{"embeddable":true,"href":"https:\/\/canal7slp.tv\/2026\/wp-json\/wp\/v2\/users\/2"}],"replies":[{"embeddable":true,"href":"https:\/\/canal7slp.tv\/2026\/wp-json\/wp\/v2\/comments?post=185825"}],"version-history":[{"count":2,"href":"https:\/\/canal7slp.tv\/2026\/wp-json\/wp\/v2\/posts\/185825\/revisions"}],"predecessor-version":[{"id":185869,"href":"https:\/\/canal7slp.tv\/2026\/wp-json\/wp\/v2\/posts\/185825\/revisions\/185869"}],"wp:featuredmedia":[{"embeddable":true,"href":"https:\/\/canal7slp.tv\/2026\/wp-json\/wp\/v2\/media\/185868"}],"wp:attachment":[{"href":"https:\/\/canal7slp.tv\/2026\/wp-json\/wp\/v2\/media?parent=185825"}],"wp:term":[{"taxonomy":"category","embeddable":true,"href":"https:\/\/canal7slp.tv\/2026\/wp-json\/wp\/v2\/categories?post=185825"},{"taxonomy":"post_tag","embeddable":true,"href":"https:\/\/canal7slp.tv\/2026\/wp-json\/wp\/v2\/tags?post=185825"}],"curies":[{"name":"wp","href":"https:\/\/api.w.org\/{rel}","templated":true}]}}