{"id":185823,"date":"2025-11-21T18:34:02","date_gmt":"2025-11-22T00:34:02","guid":{"rendered":"https:\/\/canal7slp.tv\/2026\/?p=185823"},"modified":"2025-11-21T18:34:02","modified_gmt":"2025-11-22T00:34:02","slug":"ipac-realizara-el-5to-foro-de-energias-limpias-y-transicion-energetica","status":"publish","type":"post","link":"https:\/\/canal7slp.tv\/2026\/ipac-realizara-el-5to-foro-de-energias-limpias-y-transicion-energetica\/","title":{"rendered":"IPAC realizar\u00e1 el 5to. Foro de Energ\u00edas Limpias y Transici\u00f3n Energ\u00e9tica"},"content":{"rendered":"<p style=\"text-align: justify;\">SLP.- El d\u00eda tres de diciembre del presente a\u00f1o se realizar\u00e1 el 5to. Foro de Energ\u00edas Limpias y Transici\u00f3n Energ\u00e9tica organizado por Industriales Potosino Asociaci\u00f3n Civil que celebrar\u00e1 con este foro los 50 a\u00f1os de creaci\u00f3n del organismo empresarial.<\/p>\n<p style=\"text-align: justify;\">Durante el a\u00f1o 2025 se han realizado una serie de actividades para conmemorar el inicio de actividades de Ipac, en donde se tocaron temas de beneficio para los empresarios y colaboradores, misma m\u00edtica que buscar\u00e1 tener el 5to. Foro de Energ\u00edas Limpias y Transici\u00f3n Energ\u00e9tica.<\/p>\n<p style=\"text-align: justify;\">Y es que los ejes rectores de Ipac toman en cuenta el concepto de valor compartido como lo es la parte econ\u00f3mica, lo social, lo humano y lo ambiental.<\/p>\n<p style=\"text-align: justify;\">Se tendr\u00e1n paneles como \u201cEnerg\u00edas limpias y econom\u00eda circular\u201d, conferencias como \u201cTransici\u00f3n energ\u00e9tica\u201d y \u201cLo \u00faltimo tecnolog\u00edas para la implementaci\u00f3n de energ\u00edas limpias\u201d, adem\u00e1s de informaci\u00f3n de la regulaci\u00f3n energ\u00e9tica.<\/p>\n<p style=\"text-align: justify;\">El presidente de Ipac, Rodrigo S\u00e1nchez Espinosa, destac\u00f3 la trascendencia del quinto foro.<\/p>\n<p style=\"text-align: justify;\">\u201cEstamos comprometidos con generar un mejor ambiente, disminuir el n\u00famero de residuos que generemos, estamos comprometidos con el tema de la econom\u00eda circular y esto pues se encaja de esa manera y por otro lado se encaja tambi\u00e9n en la parte social en el sentido de que queremos generar menor contaminaci\u00f3n, menor consumo de recursos, entonces est\u00e1 alineado esto a nuestra visi\u00f3n que tenemos como Ipac\u201d.<\/p>\n<p style=\"text-align: justify;\">Por: Juan Carlos Contreras<\/p>\n","protected":false},"excerpt":{"rendered":"<p>SLP.- El d\u00eda tres de diciembre del presente a\u00f1o se realizar\u00e1 el 5to. Foro de Energ\u00edas Limpias y Transici\u00f3n Energ\u00e9tica organizado por Industriales Potosino Asociaci\u00f3n Civil que celebrar\u00e1 con este foro los 50 a\u00f1os de creaci\u00f3n del organismo empresarial. Durante el a\u00f1o 2025 se han realizado una serie de actividades para conmemorar el inicio de actividades de Ipac, en donde se tocaron temas de beneficio para los empresarios y colaboradores, misma m\u00edtica que buscar\u00e1 tener el 5to. Foro de Energ\u00edas Limpias y Transici\u00f3n Energ\u00e9tica. Y es que los ejes rectores de Ipac toman en cuenta el concepto de valor compartido [&hellip;]<\/p>\n","protected":false},"author":2,"featured_media":185860,"comment_status":"closed","ping_status":"closed","sticky":false,"template":"","format":"video","meta":{"_monsterinsights_skip_tracking":false,"_monsterinsights_sitenote_active":false,"_monsterinsights_sitenote_note":"","_monsterinsights_sitenote_category":0,"footnotes":""},"categories":[5,45],"tags":[],"class_list":["post-185823","post","type-post","status-publish","format-video","has-post-thumbnail","hentry","category-destacadas","category-localesyregionales","post_format-post-format-video","post--single"],"_links":{"self":[{"href":"https:\/\/canal7slp.tv\/2026\/wp-json\/wp\/v2\/posts\/185823","targetHints":{"allow":["GET"]}}],"collection":[{"href":"https:\/\/canal7slp.tv\/2026\/wp-json\/wp\/v2\/posts"}],"about":[{"href":"https:\/\/canal7slp.tv\/2026\/wp-json\/wp\/v2\/types\/post"}],"author":[{"embeddable":true,"href":"https:\/\/canal7slp.tv\/2026\/wp-json\/wp\/v2\/users\/2"}],"replies":[{"embeddable":true,"href":"https:\/\/canal7slp.tv\/2026\/wp-json\/wp\/v2\/comments?post=185823"}],"version-history":[{"count":2,"href":"https:\/\/canal7slp.tv\/2026\/wp-json\/wp\/v2\/posts\/185823\/revisions"}],"predecessor-version":[{"id":185861,"href":"https:\/\/canal7slp.tv\/2026\/wp-json\/wp\/v2\/posts\/185823\/revisions\/185861"}],"wp:featuredmedia":[{"embeddable":true,"href":"https:\/\/canal7slp.tv\/2026\/wp-json\/wp\/v2\/media\/185860"}],"wp:attachment":[{"href":"https:\/\/canal7slp.tv\/2026\/wp-json\/wp\/v2\/media?parent=185823"}],"wp:term":[{"taxonomy":"category","embeddable":true,"href":"https:\/\/canal7slp.tv\/2026\/wp-json\/wp\/v2\/categories?post=185823"},{"taxonomy":"post_tag","embeddable":true,"href":"https:\/\/canal7slp.tv\/2026\/wp-json\/wp\/v2\/tags?post=185823"}],"curies":[{"name":"wp","href":"https:\/\/api.w.org\/{rel}","templated":true}]}}