{"id":185821,"date":"2025-11-21T18:18:55","date_gmt":"2025-11-22T00:18:55","guid":{"rendered":"https:\/\/canal7slp.tv\/2026\/?p=185821"},"modified":"2025-11-21T18:18:55","modified_gmt":"2025-11-22T00:18:55","slug":"critica-frente-nacional-por-las-40-horas-aplazamiento-de-discusion-de-reduccion-de-jornadas","status":"publish","type":"post","link":"https:\/\/canal7slp.tv\/2026\/critica-frente-nacional-por-las-40-horas-aplazamiento-de-discusion-de-reduccion-de-jornadas\/","title":{"rendered":"Cr\u00edtica Frente Nacional por las 40 horas, aplazamiento de discusi\u00f3n de reducci\u00f3n de jornadas."},"content":{"rendered":"<ul>\n<li style=\"text-align: justify;\">Un acto en Plaza Fundadores como respuesta a convocatoria nacional de marcha ser\u00e1 efectuado en SLP.<\/li>\n<\/ul>\n<p style=\"text-align: justify;\">SLP.- El Frente Nacional por las 40 Horas ofreci\u00f3 una rueda de prensa en la que se pronunciaron por el avance del tema de la disminuci\u00f3n de 48 a 40 horas.<\/p>\n<p style=\"text-align: justify;\">\u201cQue es posible, que es viable, que ning\u00fan pa\u00eds se ha ido a la quiebra con motivo de la reducci\u00f3n de la jornada laboral, inclusive la productividad, hay estad\u00edsticas que se\u00f1alan que aumenta, cuando el trabajador, la trabajadora va m\u00e1s descansado, descansada a realizar su jornada, sus labores\u201d.<\/p>\n<p style=\"text-align: justify;\">No obstante durante el segundo \u201cForo para la implementaci\u00f3n de la jornada laboral de 40 horas\u201d donde participaron c\u00e1maras empresariales, se dijeron a favor de una reducci\u00f3n del tiempo de trabajo y propusieron temas como el pago diario por horas trabajadas, desaparecer horas extras y prima dominical; es decir, promover la reorganizaci\u00f3n del trabajo dentro de las empresas, adem\u00e1s del compromiso de generar ocho millones de empleos en los pr\u00f3ximos cinco a\u00f1os.<\/p>\n<p style=\"text-align: justify;\">Desde el Frente lamentaron que una cantidad \u00ednfima de personas en M\u00e9xico acumule una gran riqueza, mientras que el resto tiene situaciones de vida precarias.<\/p>\n<p style=\"text-align: justify;\">\u201cEn M\u00e9xico una de las cosas que sucede es que el reparto de ganancias se quedan del 100 por ciento el 65% se da a los empresarios, empresarios-inversionistas y el resto 35% trabajadores, eso es aqu\u00ed en M\u00e9xico, a nivel mundial el promedio es de 50% se lo quedan los empresarios, el 50% se lo quedan los trabajadores\u201d.<\/p>\n<p style=\"text-align: justify;\">A pesar del posicionamiento del Frente Nacional, la agrupaci\u00f3n de la Industria Maquiladora y Manufacturera de Exportaci\u00f3n indic\u00f3 que existen temas como la manufactura continua y los procesos de 24\/7, donde una jornada m\u00e1xima semanal de 40 horas hace imposible mantener operaciones sin interrupciones.<\/p>\n<p style=\"text-align: justify;\">Los propios industriales se\u00f1alaron que tendr\u00eda la primera afectaci\u00f3n en el pago de horas extra del 38% y en segunda instancia, contratar nuevo personal ser\u00eda de un incremento del 22%.<\/p>\n<p style=\"text-align: justify;\">Por: Juan Carlos Contreras<\/p>\n","protected":false},"excerpt":{"rendered":"<p>Un acto en Plaza Fundadores como respuesta a convocatoria nacional de marcha ser\u00e1 efectuado en SLP. SLP.- El Frente Nacional por las 40 Horas ofreci\u00f3 una rueda de prensa en la que se pronunciaron por el avance del tema de la disminuci\u00f3n de 48 a 40 horas. \u201cQue es posible, que es viable, que ning\u00fan pa\u00eds se ha ido a la quiebra con motivo de la reducci\u00f3n de la jornada laboral, inclusive la productividad, hay estad\u00edsticas que se\u00f1alan que aumenta, cuando el trabajador, la trabajadora va m\u00e1s descansado, descansada a realizar su jornada, sus labores\u201d. No obstante durante el segundo [&hellip;]<\/p>\n","protected":false},"author":2,"featured_media":185853,"comment_status":"closed","ping_status":"closed","sticky":false,"template":"","format":"video","meta":{"_monsterinsights_skip_tracking":false,"_monsterinsights_sitenote_active":false,"_monsterinsights_sitenote_note":"","_monsterinsights_sitenote_category":0,"footnotes":""},"categories":[5,45],"tags":[],"class_list":["post-185821","post","type-post","status-publish","format-video","has-post-thumbnail","hentry","category-destacadas","category-localesyregionales","post_format-post-format-video","post--single"],"_links":{"self":[{"href":"https:\/\/canal7slp.tv\/2026\/wp-json\/wp\/v2\/posts\/185821","targetHints":{"allow":["GET"]}}],"collection":[{"href":"https:\/\/canal7slp.tv\/2026\/wp-json\/wp\/v2\/posts"}],"about":[{"href":"https:\/\/canal7slp.tv\/2026\/wp-json\/wp\/v2\/types\/post"}],"author":[{"embeddable":true,"href":"https:\/\/canal7slp.tv\/2026\/wp-json\/wp\/v2\/users\/2"}],"replies":[{"embeddable":true,"href":"https:\/\/canal7slp.tv\/2026\/wp-json\/wp\/v2\/comments?post=185821"}],"version-history":[{"count":2,"href":"https:\/\/canal7slp.tv\/2026\/wp-json\/wp\/v2\/posts\/185821\/revisions"}],"predecessor-version":[{"id":185854,"href":"https:\/\/canal7slp.tv\/2026\/wp-json\/wp\/v2\/posts\/185821\/revisions\/185854"}],"wp:featuredmedia":[{"embeddable":true,"href":"https:\/\/canal7slp.tv\/2026\/wp-json\/wp\/v2\/media\/185853"}],"wp:attachment":[{"href":"https:\/\/canal7slp.tv\/2026\/wp-json\/wp\/v2\/media?parent=185821"}],"wp:term":[{"taxonomy":"category","embeddable":true,"href":"https:\/\/canal7slp.tv\/2026\/wp-json\/wp\/v2\/categories?post=185821"},{"taxonomy":"post_tag","embeddable":true,"href":"https:\/\/canal7slp.tv\/2026\/wp-json\/wp\/v2\/tags?post=185821"}],"curies":[{"name":"wp","href":"https:\/\/api.w.org\/{rel}","templated":true}]}}