{"id":185808,"date":"2025-11-21T16:49:35","date_gmt":"2025-11-21T22:49:35","guid":{"rendered":"https:\/\/canal7slp.tv\/2026\/?p=185808"},"modified":"2025-11-21T16:49:35","modified_gmt":"2025-11-21T22:49:35","slug":"al-margen-se-mantiene-senadora-respecto-marchas-de-la-generacion-z","status":"publish","type":"post","link":"https:\/\/canal7slp.tv\/2026\/al-margen-se-mantiene-senadora-respecto-marchas-de-la-generacion-z\/","title":{"rendered":"Al margen se mantiene senadora, respecto marchas de la Generaci\u00f3n Z"},"content":{"rendered":"<p style=\"text-align: justify;\"><span style=\"font-size: 1.21429rem;\">SLP.- En medio de se\u00f1alamientos p\u00fablicos en contra del Gobierno Federal por sus respuestas ante la movilizaci\u00f3n de la Generaci\u00f3n Z, la senadora Ruth Gonz\u00e1lez Silva, opt\u00f3 por evitar una postura clara cuando fue cuestionada sobre el tema.<\/span><\/p>\n<p style=\"text-align: justify;\">Aunque el mismo fue planteado de forma directa, la legisladora solo hizo referencia a la libertad de expresi\u00f3n sin responder de fondo a las cr\u00edticas que han escalado en d\u00edas recientes.<\/p>\n<p style=\"text-align: justify;\">\u201cBueno, todos tenemos libertad de expresi\u00f3n, la verdad es que no quiero opinar mucho al respecto ya que cada movimiento, cada expresi\u00f3n tiene sus razones\u00bb, dijo.<\/p>\n<p style=\"text-align: justify;\">Su respuesta dej\u00f3 sin abordar las acusaciones y mensajes que, desde distintos frentes, apuntan a presuntos excesos cometidos durante la manifestaci\u00f3n.<\/p>\n<p style=\"text-align: justify;\">\u201cAqu\u00ed en M\u00e9xico se respeta la libertad de expresi\u00f3n y sea ese o sea cualquier otro movimiento que se tenga que hacer, bueno pues seguramente ser\u00e1 de manera responsable\u00bb, se\u00f1al\u00f3.<\/p>\n<p style=\"text-align: justify;\">Sin embargo, evit\u00f3 precisar si considera justificadas o no las cr\u00edticas recientes al gobierno federal y sobre la narrativa que ha crecido en redes.<\/p>\n<p style=\"text-align: justify;\">\u201cAqu\u00ed en San Luis la verdad es que fue una marcha pac\u00edfica, entonces, bueno, cuidando los intereses y la protecci\u00f3n y los derechos humanos de todos\u00bb, indic\u00f3.<\/p>\n<p>Por: Jos\u00e9 Luis V\u00e1zquez<\/p>\n","protected":false},"excerpt":{"rendered":"<p>SLP.- En medio de se\u00f1alamientos p\u00fablicos en contra del Gobierno Federal por sus respuestas ante la movilizaci\u00f3n de la Generaci\u00f3n Z, la senadora Ruth Gonz\u00e1lez Silva, opt\u00f3 por evitar una postura clara cuando fue cuestionada sobre el tema. Aunque el mismo fue planteado de forma directa, la legisladora solo hizo referencia a la libertad de expresi\u00f3n sin responder de fondo a las cr\u00edticas que han escalado en d\u00edas recientes. \u201cBueno, todos tenemos libertad de expresi\u00f3n, la verdad es que no quiero opinar mucho al respecto ya que cada movimiento, cada expresi\u00f3n tiene sus razones\u00bb, dijo. Su respuesta dej\u00f3 sin abordar [&hellip;]<\/p>\n","protected":false},"author":2,"featured_media":185810,"comment_status":"closed","ping_status":"closed","sticky":false,"template":"","format":"video","meta":{"_monsterinsights_skip_tracking":false,"_monsterinsights_sitenote_active":false,"_monsterinsights_sitenote_note":"","_monsterinsights_sitenote_category":0,"footnotes":""},"categories":[5,45],"tags":[],"class_list":["post-185808","post","type-post","status-publish","format-video","has-post-thumbnail","hentry","category-destacadas","category-localesyregionales","post_format-post-format-video","post--single"],"_links":{"self":[{"href":"https:\/\/canal7slp.tv\/2026\/wp-json\/wp\/v2\/posts\/185808","targetHints":{"allow":["GET"]}}],"collection":[{"href":"https:\/\/canal7slp.tv\/2026\/wp-json\/wp\/v2\/posts"}],"about":[{"href":"https:\/\/canal7slp.tv\/2026\/wp-json\/wp\/v2\/types\/post"}],"author":[{"embeddable":true,"href":"https:\/\/canal7slp.tv\/2026\/wp-json\/wp\/v2\/users\/2"}],"replies":[{"embeddable":true,"href":"https:\/\/canal7slp.tv\/2026\/wp-json\/wp\/v2\/comments?post=185808"}],"version-history":[{"count":1,"href":"https:\/\/canal7slp.tv\/2026\/wp-json\/wp\/v2\/posts\/185808\/revisions"}],"predecessor-version":[{"id":185811,"href":"https:\/\/canal7slp.tv\/2026\/wp-json\/wp\/v2\/posts\/185808\/revisions\/185811"}],"wp:featuredmedia":[{"embeddable":true,"href":"https:\/\/canal7slp.tv\/2026\/wp-json\/wp\/v2\/media\/185810"}],"wp:attachment":[{"href":"https:\/\/canal7slp.tv\/2026\/wp-json\/wp\/v2\/media?parent=185808"}],"wp:term":[{"taxonomy":"category","embeddable":true,"href":"https:\/\/canal7slp.tv\/2026\/wp-json\/wp\/v2\/categories?post=185808"},{"taxonomy":"post_tag","embeddable":true,"href":"https:\/\/canal7slp.tv\/2026\/wp-json\/wp\/v2\/tags?post=185808"}],"curies":[{"name":"wp","href":"https:\/\/api.w.org\/{rel}","templated":true}]}}