{"id":185802,"date":"2025-11-21T16:25:28","date_gmt":"2025-11-21T22:25:28","guid":{"rendered":"https:\/\/canal7slp.tv\/2026\/?p=185802"},"modified":"2025-11-21T16:25:28","modified_gmt":"2025-11-21T22:25:28","slug":"transportistas-y-campesinos-anuncian-paro-nacional-con-bloqueos-el-24-de-noviembre","status":"publish","type":"post","link":"https:\/\/canal7slp.tv\/2026\/transportistas-y-campesinos-anuncian-paro-nacional-con-bloqueos-el-24-de-noviembre\/","title":{"rendered":"Transportistas y campesinos anuncian paro nacional con bloqueos el 24 de noviembre"},"content":{"rendered":"<p style=\"text-align: justify;\">M\u00e9xico.- Organizaciones de transportistas y campesinos anunciaron un paro nacional para el pr\u00f3ximo lunes 24 de noviembre, que contempla el bloqueo de carreteras principales y diversos puntos fronterizos del pa\u00eds.<\/p>\n<p style=\"text-align: justify;\">La Asociaci\u00f3n Nacional Transportista (ANTAC) y el Frente Nacional para el Rescate del Campo Mexicano informaron que la movilizaci\u00f3n prev\u00e9 la interrupci\u00f3n total del tr\u00e1nsito en v\u00edas estrat\u00e9gicas del Valle de M\u00e9xico, entre ellas las autopistas M\u00e9xico-Pachuca, M\u00e9xico-Toluca, M\u00e9xico-Quer\u00e9taro, M\u00e9xico-Cuernavaca y M\u00e9xico-Puebla, con posibles cierres desde las 8:00 horas.<\/p>\n<p style=\"text-align: justify;\">Los grupos convocantes llamaron a la poblaci\u00f3n a evitar traslados ese d\u00eda y a reprogramar actividades como citas m\u00e9dicas para prevenir complicaciones viales.<\/p>\n<p style=\"text-align: justify;\">Tambi\u00e9n solicitaron a los operadores de transporte de pasajeros suspender temporalmente sus servicios durante la jornada de protesta.<\/p>\n<p style=\"text-align: justify;\">Entre sus principales exigencias se encuentran mayores apoyos gubernamentales al sector agr\u00edcola, medidas para enfrentar la inseguridad y las extorsiones en carreteras, la resoluci\u00f3n de tr\u00e1mites pendientes ante la Secretar\u00eda de Infraestructura, Comunicaciones y Transportes, as\u00ed como la revisi\u00f3n de pol\u00edticas h\u00eddricas que, afirman, perjudican al campo mexicano.<\/p>\n<p style=\"text-align: justify;\">Las organizaciones ofrecieron disculpas anticipadas por las afectaciones que generar\u00e1 el paro, pero reiteraron que mantendr\u00e1n las protestas hasta obtener una respuesta a sus demandas.<\/p>\n","protected":false},"excerpt":{"rendered":"<p>M\u00e9xico.- Organizaciones de transportistas y campesinos anunciaron un paro nacional para el pr\u00f3ximo lunes 24 de noviembre, que contempla el bloqueo de carreteras principales y diversos puntos fronterizos del pa\u00eds. La Asociaci\u00f3n Nacional Transportista (ANTAC) y el Frente Nacional para el Rescate del Campo Mexicano informaron que la movilizaci\u00f3n prev\u00e9 la interrupci\u00f3n total del tr\u00e1nsito en v\u00edas estrat\u00e9gicas del Valle de M\u00e9xico, entre ellas las autopistas M\u00e9xico-Pachuca, M\u00e9xico-Toluca, M\u00e9xico-Quer\u00e9taro, M\u00e9xico-Cuernavaca y M\u00e9xico-Puebla, con posibles cierres desde las 8:00 horas. Los grupos convocantes llamaron a la poblaci\u00f3n a evitar traslados ese d\u00eda y a reprogramar actividades como citas m\u00e9dicas para prevenir [&hellip;]<\/p>\n","protected":false},"author":2,"featured_media":185803,"comment_status":"closed","ping_status":"closed","sticky":false,"template":"","format":"standard","meta":{"_monsterinsights_skip_tracking":false,"_monsterinsights_sitenote_active":false,"_monsterinsights_sitenote_note":"","_monsterinsights_sitenote_category":0,"footnotes":""},"categories":[5,46],"tags":[],"class_list":["post-185802","post","type-post","status-publish","format-standard","has-post-thumbnail","hentry","category-destacadas","category-nacional","post--single"],"_links":{"self":[{"href":"https:\/\/canal7slp.tv\/2026\/wp-json\/wp\/v2\/posts\/185802","targetHints":{"allow":["GET"]}}],"collection":[{"href":"https:\/\/canal7slp.tv\/2026\/wp-json\/wp\/v2\/posts"}],"about":[{"href":"https:\/\/canal7slp.tv\/2026\/wp-json\/wp\/v2\/types\/post"}],"author":[{"embeddable":true,"href":"https:\/\/canal7slp.tv\/2026\/wp-json\/wp\/v2\/users\/2"}],"replies":[{"embeddable":true,"href":"https:\/\/canal7slp.tv\/2026\/wp-json\/wp\/v2\/comments?post=185802"}],"version-history":[{"count":1,"href":"https:\/\/canal7slp.tv\/2026\/wp-json\/wp\/v2\/posts\/185802\/revisions"}],"predecessor-version":[{"id":185804,"href":"https:\/\/canal7slp.tv\/2026\/wp-json\/wp\/v2\/posts\/185802\/revisions\/185804"}],"wp:featuredmedia":[{"embeddable":true,"href":"https:\/\/canal7slp.tv\/2026\/wp-json\/wp\/v2\/media\/185803"}],"wp:attachment":[{"href":"https:\/\/canal7slp.tv\/2026\/wp-json\/wp\/v2\/media?parent=185802"}],"wp:term":[{"taxonomy":"category","embeddable":true,"href":"https:\/\/canal7slp.tv\/2026\/wp-json\/wp\/v2\/categories?post=185802"},{"taxonomy":"post_tag","embeddable":true,"href":"https:\/\/canal7slp.tv\/2026\/wp-json\/wp\/v2\/tags?post=185802"}],"curies":[{"name":"wp","href":"https:\/\/api.w.org\/{rel}","templated":true}]}}