{"id":185796,"date":"2025-11-21T16:04:46","date_gmt":"2025-11-21T22:04:46","guid":{"rendered":"https:\/\/canal7slp.tv\/2026\/?p=185796"},"modified":"2025-11-21T16:04:46","modified_gmt":"2025-11-21T22:04:46","slug":"detienen-a-siete-escoltas-de-carlos-manzo-por-presunta-omision-en-su-asesinato","status":"publish","type":"post","link":"https:\/\/canal7slp.tv\/2026\/detienen-a-siete-escoltas-de-carlos-manzo-por-presunta-omision-en-su-asesinato\/","title":{"rendered":"Detienen a siete escoltas de Carlos Manzo por presunta omisi\u00f3n en su asesinato"},"content":{"rendered":"<p style=\"text-align: justify;\">Uruapan.- Autoridades ministeriales de Michoac\u00e1n arrestaron a siete elementos que se desempe\u00f1aban como escoltas del alcalde de Uruapan, Carlos Manzo, asesinado el pasado 1 de noviembre.<\/p>\n<p style=\"text-align: justify;\">1La Fiscal\u00eda General del Estado les imputa el delito de homicidio calificado en modalidad de comisi\u00f3n por omisi\u00f3n, al considerar que no actuaron conforme a sus obligaciones durante el ataque contra el edil.<\/p>\n<p style=\"text-align: justify;\">Los detenidos ser\u00e1n trasladados al penal Mil Cumbres, donde quedar\u00e1n a disposici\u00f3n de un juez de control.<\/p>\n<p style=\"text-align: justify;\">La detenci\u00f3n ocurre luego de que el secretario de Seguridad y Protecci\u00f3n Ciudadana, Omar Garc\u00eda Harfuch, confirmara que los ocho polic\u00edas municipales asignados a la seguridad del alcalde se encontraban bajo investigaci\u00f3n.<\/p>\n<p style=\"text-align: justify;\">En d\u00edas previos, el gobernador Alfredo Ram\u00edrez Bedolla hab\u00eda adelantado que las indagatorias se enfocaban en un posible uso excesivo de la fuerza durante la detenci\u00f3n del presunto responsable del homicidio, quien muri\u00f3 tras un forcejeo luego de ser sometido por los agentes.<\/p>\n","protected":false},"excerpt":{"rendered":"<p>Uruapan.- Autoridades ministeriales de Michoac\u00e1n arrestaron a siete elementos que se desempe\u00f1aban como escoltas del alcalde de Uruapan, Carlos Manzo, asesinado el pasado 1 de noviembre. 1La Fiscal\u00eda General del Estado les imputa el delito de homicidio calificado en modalidad de comisi\u00f3n por omisi\u00f3n, al considerar que no actuaron conforme a sus obligaciones durante el ataque contra el edil. Los detenidos ser\u00e1n trasladados al penal Mil Cumbres, donde quedar\u00e1n a disposici\u00f3n de un juez de control. La detenci\u00f3n ocurre luego de que el secretario de Seguridad y Protecci\u00f3n Ciudadana, Omar Garc\u00eda Harfuch, confirmara que los ocho polic\u00edas municipales asignados a [&hellip;]<\/p>\n","protected":false},"author":2,"featured_media":185797,"comment_status":"closed","ping_status":"closed","sticky":false,"template":"","format":"standard","meta":{"_monsterinsights_skip_tracking":false,"_monsterinsights_sitenote_active":false,"_monsterinsights_sitenote_note":"","_monsterinsights_sitenote_category":0,"footnotes":""},"categories":[46],"tags":[],"class_list":["post-185796","post","type-post","status-publish","format-standard","has-post-thumbnail","hentry","category-nacional","post--single"],"_links":{"self":[{"href":"https:\/\/canal7slp.tv\/2026\/wp-json\/wp\/v2\/posts\/185796","targetHints":{"allow":["GET"]}}],"collection":[{"href":"https:\/\/canal7slp.tv\/2026\/wp-json\/wp\/v2\/posts"}],"about":[{"href":"https:\/\/canal7slp.tv\/2026\/wp-json\/wp\/v2\/types\/post"}],"author":[{"embeddable":true,"href":"https:\/\/canal7slp.tv\/2026\/wp-json\/wp\/v2\/users\/2"}],"replies":[{"embeddable":true,"href":"https:\/\/canal7slp.tv\/2026\/wp-json\/wp\/v2\/comments?post=185796"}],"version-history":[{"count":1,"href":"https:\/\/canal7slp.tv\/2026\/wp-json\/wp\/v2\/posts\/185796\/revisions"}],"predecessor-version":[{"id":185798,"href":"https:\/\/canal7slp.tv\/2026\/wp-json\/wp\/v2\/posts\/185796\/revisions\/185798"}],"wp:featuredmedia":[{"embeddable":true,"href":"https:\/\/canal7slp.tv\/2026\/wp-json\/wp\/v2\/media\/185797"}],"wp:attachment":[{"href":"https:\/\/canal7slp.tv\/2026\/wp-json\/wp\/v2\/media?parent=185796"}],"wp:term":[{"taxonomy":"category","embeddable":true,"href":"https:\/\/canal7slp.tv\/2026\/wp-json\/wp\/v2\/categories?post=185796"},{"taxonomy":"post_tag","embeddable":true,"href":"https:\/\/canal7slp.tv\/2026\/wp-json\/wp\/v2\/tags?post=185796"}],"curies":[{"name":"wp","href":"https:\/\/api.w.org\/{rel}","templated":true}]}}