{"id":185781,"date":"2025-11-21T14:32:11","date_gmt":"2025-11-21T20:32:11","guid":{"rendered":"https:\/\/canal7slp.tv\/2026\/?p=185781"},"modified":"2025-11-21T14:32:11","modified_gmt":"2025-11-21T20:32:11","slug":"juez-peruano-decreta-prision-preventiva-para-betssy-chavez-exprimera-ministra-peruana-asilada-en-embajada-de-mexico","status":"publish","type":"post","link":"https:\/\/canal7slp.tv\/2026\/juez-peruano-decreta-prision-preventiva-para-betssy-chavez-exprimera-ministra-peruana-asilada-en-embajada-de-mexico\/","title":{"rendered":"Juez peruano decreta prisi\u00f3n preventiva para Betssy Ch\u00e1vez, exprimera ministra peruana asilada en embajada de M\u00e9xico"},"content":{"rendered":"<p style=\"text-align: justify;\">\n<p style=\"text-align: justify;\">Lima.- Un juez supremo de Per\u00fa ha ordenado la captura internacional y prisi\u00f3n preventiva por cinco meses contra Betssy Ch\u00e1vez, ex primera ministra peruana, quien actualmente se encuentra asilada en la embajada de M\u00e9xico en Lima. La medida judicial responde a su presunta participaci\u00f3n en los eventos de diciembre de 2022 durante el gobierno del expresidente Pedro Castillo.<\/p>\n<p style=\"text-align: justify;\">El magistrado Juan Carlos Checkley fundament\u00f3 su decisi\u00f3n en el \u00abpeligro de fuga palpable\u00bb, se\u00f1alando el incumplimiento de las restricciones impuestas anteriormente, incluido el control biom\u00e9trico. Ch\u00e1vez enfrenta un proceso judicial donde la Fiscal\u00eda solicita 25 a\u00f1os de prisi\u00f3n por el delito de rebeli\u00f3n.<\/p>\n<p style=\"text-align: justify;\">Previamente, el primer ministro peruano Ernesto \u00c1lvarez descart\u00f3 cualquier acci\u00f3n que implique ingresar a la sede diplom\u00e1tica mexicana para detener a Ch\u00e1vez, afirmando que Per\u00fa \u00abes respetuoso del derecho internacional\u00bb.<\/p>\n","protected":false},"excerpt":{"rendered":"<p>Lima.- Un juez supremo de Per\u00fa ha ordenado la captura internacional y prisi\u00f3n preventiva por cinco meses contra Betssy Ch\u00e1vez, ex primera ministra peruana, quien actualmente se encuentra asilada en la embajada de M\u00e9xico en Lima. La medida judicial responde a su presunta participaci\u00f3n en los eventos de diciembre de 2022 durante el gobierno del expresidente Pedro Castillo. El magistrado Juan Carlos Checkley fundament\u00f3 su decisi\u00f3n en el \u00abpeligro de fuga palpable\u00bb, se\u00f1alando el incumplimiento de las restricciones impuestas anteriormente, incluido el control biom\u00e9trico. Ch\u00e1vez enfrenta un proceso judicial donde la Fiscal\u00eda solicita 25 a\u00f1os de prisi\u00f3n por el delito [&hellip;]<\/p>\n","protected":false},"author":2,"featured_media":185782,"comment_status":"closed","ping_status":"closed","sticky":false,"template":"","format":"standard","meta":{"_monsterinsights_skip_tracking":false,"_monsterinsights_sitenote_active":false,"_monsterinsights_sitenote_note":"","_monsterinsights_sitenote_category":0,"footnotes":""},"categories":[44],"tags":[],"class_list":["post-185781","post","type-post","status-publish","format-standard","has-post-thumbnail","hentry","category-internacional","post--single"],"_links":{"self":[{"href":"https:\/\/canal7slp.tv\/2026\/wp-json\/wp\/v2\/posts\/185781","targetHints":{"allow":["GET"]}}],"collection":[{"href":"https:\/\/canal7slp.tv\/2026\/wp-json\/wp\/v2\/posts"}],"about":[{"href":"https:\/\/canal7slp.tv\/2026\/wp-json\/wp\/v2\/types\/post"}],"author":[{"embeddable":true,"href":"https:\/\/canal7slp.tv\/2026\/wp-json\/wp\/v2\/users\/2"}],"replies":[{"embeddable":true,"href":"https:\/\/canal7slp.tv\/2026\/wp-json\/wp\/v2\/comments?post=185781"}],"version-history":[{"count":1,"href":"https:\/\/canal7slp.tv\/2026\/wp-json\/wp\/v2\/posts\/185781\/revisions"}],"predecessor-version":[{"id":185783,"href":"https:\/\/canal7slp.tv\/2026\/wp-json\/wp\/v2\/posts\/185781\/revisions\/185783"}],"wp:featuredmedia":[{"embeddable":true,"href":"https:\/\/canal7slp.tv\/2026\/wp-json\/wp\/v2\/media\/185782"}],"wp:attachment":[{"href":"https:\/\/canal7slp.tv\/2026\/wp-json\/wp\/v2\/media?parent=185781"}],"wp:term":[{"taxonomy":"category","embeddable":true,"href":"https:\/\/canal7slp.tv\/2026\/wp-json\/wp\/v2\/categories?post=185781"},{"taxonomy":"post_tag","embeddable":true,"href":"https:\/\/canal7slp.tv\/2026\/wp-json\/wp\/v2\/tags?post=185781"}],"curies":[{"name":"wp","href":"https:\/\/api.w.org\/{rel}","templated":true}]}}